{"id":2633,"date":"2017-03-03T13:25:35","date_gmt":"2017-03-03T19:25:35","guid":{"rendered":"https:\/\/trta.org\/?p=2633"},"modified":"2017-03-03T13:25:35","modified_gmt":"2017-03-03T19:25:35","slug":"the-march-is-on-trta-rallies-members-to-action","status":"publish","type":"post","link":"https:\/\/trta.org\/es\/the-march-is-on-trta-rallies-members-to-action\/","title":{"rendered":"La marcha est\u00e1 en marcha: \u00a1TRTA re\u00fane a los miembros para la acci\u00f3n!"},"content":{"rendered":"<p>March is the most crucial month for legislative action on issues that impact you and your fellow public education retirees. The Texas Retired Teachers Association (TRTA) is moving full steam ahead, and we need your help!<\/p>\n<p><strong>THE MARCH IS ON!<\/strong><\/p>\n<p>The Texas Legislature is moving at a rapid pace, finalizing budget discussions, hearing bills in committee, having heated floor session debates, and we need them to be THINKING ABOUT YOU while they are doing the work of Texas!<\/p>\n<p>Here are all the major issues TRTA is watching right now:<\/p>\n<ol>\n<li><a href=\"https:\/\/trta.org\/es\/trs-care\/\">TRS-Care<\/a><\/li>\n<\/ol>\n<p>Bills have been filed in the Senate, and the House will file more legislation soon! On Monday, TRTA will send out an <em>L\u00ednea interior<\/em> explaining more about what this means for you! Are you age 65 or over? Are you under the age of 65? Are you an active educator thinking about retiring this year? Then this conversation is about you!<\/p>\n<ol>\n<li value=\"2\"><a href=\"https:\/\/trta.org\/es\/legislation\/windfall-elimination-provision\/\">Windfall Elimination Provision<\/a><\/li>\n<\/ol>\n<p>TRTA leaders visited Washington, D.C. earlier this week to meet with Texas congressional members about what the next steps are in repealing this unfair federal provision! Next week, TRTA will let you know more about progress on the WEP! Are your earned Social Security wages being taken away from you? Then this conversation is about you!<\/p>\n<ol>\n<li value=\"3\"><a href=\"https:\/\/www.trs.texas.gov\/Pages\/carousel_board_election.aspx\">The Teacher Retirement System of Texas (TRS) Board of Trustees Elections<\/a><\/li>\n<\/ol>\n<p>The members elected to the Board of Trustees of TRS represent your interests! Elections are underway for two open trustee positions: both a Retiree and an At-Large seat. It is vital that you vote! Next week, TRTA will send out more information about all of the candidates and provide you with details on how to submit your vote. Are you a retiree who wants your voice represented on the TRS Board of Trustees? Then this conversation is about you!<\/p>\n<ol>\n<li value=\"4\"><a href=\"https:\/\/trta.org\/es\/calendars\/trta-65th-annual-convention\/\">The 64<sup>th<\/sup> Annual TRTA Convention<\/a><\/li>\n<\/ol>\n<p>TRTA is busy finalizing all of the intricate details that go into planning an amazing annual convention and business meeting. Next week, TRTA will send out training session schedules and more! If you are attending convention, and want to be trained on being the best TRTA advocate you can be, then this conversation is about you!<\/p>\n<ol>\n<li value=\"5\"><a href=\"https:\/\/trta.org\/es\/dac\/\">TRTA Day at the Capitol on March 29<\/a><\/li>\n<\/ol>\n<p>TRTA is marching on the Texas Capitol grounds on Wednesday, March 29, with thousands of retirees ready to rally to Keep TRS-Care Affordable! If you want to attend this day of grassroots advocacy and make your voice heard and get your legislators thinking about you, then make a plan to join us on March 29! Don\u2019t miss this great opportunity to band together with your fellow retirees! If you want to keep TRS-Care affordable for yourself, your fellow retirees, and future retirees, then this conversation is about you!<\/p>\n<p><strong>The Most Important Things You Can Be Doing Right Now<\/strong><\/p>\n<p>TRTA needs your help! March is the month that will make all the difference in our legislative agenda! LET\u2019S SET OUR GOALS HIGH AND GO FOR THEM!<\/p>\n<p><strong>TRTA is sounding the alarm: anyone in TRS-Care or who will retire soon and plans to enroll may see drastic changes to their health care options! But making no changes will be even worse!<\/strong><\/p>\n<p>Now is the time to take action! We need EVERY TRTA member involved in the initiative to keep TRS-Care affordable!<\/p>\n<p>THE MARCH IS ON!<\/p>\n<ol>\n<li>Call Your Legislators (use our toll-free hotline: <strong>1.888.674.3788<\/strong>)! Let\u2019s make 25,000 phone calls in March! Make regular, once-weekly phone calls to your elected officials asking them to \u201cKeep TRS-Care Affordable!\u201d Use our <a href=\"https:\/\/trta.org\/es\/trta\/assets\/TRTA%2520Call%2520Your%2520Legislator%2520Phone%2520Script.pdf\/\">helpful phone scripts<\/a>!<\/li>\n<li><a href=\"https:\/\/www.votervoice.net\/TRTA\/campaigns\/49962\/respond\">Email Your Senators<\/a>! TRTA members have sent more than 4000 emails so far. Let\u2019s send 50,000 emails this month! <a href=\"https:\/\/www.votervoice.net\/TRTA\/campaigns\/49962\/respond\">Send your email TODAY<\/a>!<\/li>\n<li>Vote in the TRS Trustee elections! Read more about the candidates <a href=\"https:\/\/www.trs.texas.gov\/Pages\/carousel_board_election.aspx\">aqu\u00ed<\/a>.<\/li>\n<li>Write an editorial and send it to your local newspaper! You can <a href=\"https:\/\/trta.org\/es\/trta\/assets\/File\/2017%20Sample%20Letter%20to%20the%20Editor%20TRS-Care(1).doc\/\">find a sample editorial here<\/a><a href=\"https:\/\/gallery.mailchimp.com\/139c8c12f5d4628c0bbd65c86\/files\/9b81196e-ae53-4286-a0bb-54d56bae3918\/2017_Sample_Letter_to_the_Editor_TRS_Care.doc\">.<\/a><\/li>\n<li>Make a plan to join us at Day at the Capitol on Wednesday, March 29! <a href=\"https:\/\/www.facebook.com\/events\/482601968794639\/\">RSVP via Facebook here<\/a>!<\/li>\n<\/ol>\n<p><strong>Gracias<\/strong><\/p>\n<p>Gracias por su membres\u00eda en TRTA. Estamos luchando ardientemente por sus beneficios todos los d\u00edas en el Capitolio. Si a\u00fan no es miembro de TRTA, <a href=\"https:\/\/trta.org\/es\/membership\/who-we-are\/\">por favor \u00fanete aqu\u00ed<\/a>Aseg\u00farese de leer nuestras Preguntas frecuentes completas sobre TRS-Care <a href=\"https:\/\/trta.org\/es\/legislation\/trs-care\/#faq\">aqu\u00ed<\/a>.<\/p>\n<p>Aseg\u00farate de <a href=\"https:\/\/www.facebook.com\/TexasRetiredTeachers\/\">Danos like en facebook<\/a>, <a href=\"https:\/\/twitter.com\/TRTA\">S\u00edganos en Twitter<\/a> y <a href=\"https:\/\/www.youtube.com\/user\/TheTRTATV\">suscr\u00edbete a nuestro canal de youtube<\/a>.<\/p>","protected":false},"excerpt":{"rendered":"<p>March is the most crucial month for legislative action on issues that impact you and your fellow public education retirees. The Texas Retired Teachers Association (TRTA) is moving full steam ahead, and we need your help! THE MARCH IS ON! The Texas Legislature is moving at a rapid pace, finalizing budget discussions, hearing bills in [&hellip;]<\/p>\n","protected":false},"author":3,"featured_media":0,"comment_status":"closed","ping_status":"open","sticky":false,"template":"","format":"standard","meta":{"_acf_changed":false,"footnotes":""},"categories":[13,14],"tags":[],"class_list":["post-2633","post","type-post","status-publish","format-standard","hentry","category-trs-care","category-update"],"acf":[],"yoast_head":"<!-- This site is optimized with the Yoast SEO plugin v27.5 - https:\/\/yoast.com\/product\/yoast-seo-wordpress\/ -->\n<title>The March is On: TRTA Rallies Members to Action! - Texas Retired Teachers Association<\/title>\n<meta name=\"robots\" content=\"index, follow, max-snippet:-1, max-image-preview:large, max-video-preview:-1\" \/>\n<link rel=\"canonical\" href=\"https:\/\/trta.org\/es\/the-march-is-on-trta-rallies-members-to-action\/\" \/>\n<meta property=\"og:locale\" content=\"es_ES\" \/>\n<meta property=\"og:type\" content=\"article\" \/>\n<meta property=\"og:title\" content=\"The March is On: TRTA Rallies Members to Action! - Texas Retired Teachers Association\" \/>\n<meta property=\"og:description\" content=\"March is the most crucial month for legislative action on issues that impact you and your fellow public education retirees. The Texas Retired Teachers Association (TRTA) is moving full steam ahead, and we need your help! THE MARCH IS ON! The Texas Legislature is moving at a rapid pace, finalizing budget discussions, hearing bills in [&hellip;]\" \/>\n<meta property=\"og:url\" content=\"https:\/\/trta.org\/es\/the-march-is-on-trta-rallies-members-to-action\/\" \/>\n<meta property=\"og:site_name\" content=\"Texas Retired Teachers Association\" \/>\n<meta property=\"article:published_time\" content=\"2017-03-03T19:25:35+00:00\" \/>\n<meta name=\"author\" content=\"rvarney\" \/>\n<meta name=\"twitter:card\" content=\"summary_large_image\" \/>\n<meta name=\"twitter:label1\" content=\"Escrito por\" \/>\n\t<meta name=\"twitter:data1\" content=\"rvarney\" \/>\n\t<meta name=\"twitter:label2\" content=\"Tiempo de lectura\" \/>\n\t<meta name=\"twitter:data2\" content=\"4 minutos\" \/>\n<script type=\"application\/ld+json\" class=\"yoast-schema-graph\">{\"@context\":\"https:\\\/\\\/schema.org\",\"@graph\":[{\"@type\":\"Article\",\"@id\":\"https:\\\/\\\/trta.org\\\/the-march-is-on-trta-rallies-members-to-action\\\/#article\",\"isPartOf\":{\"@id\":\"https:\\\/\\\/trta.org\\\/the-march-is-on-trta-rallies-members-to-action\\\/\"},\"author\":{\"name\":\"rvarney\",\"@id\":\"https:\\\/\\\/trta.org\\\/#\\\/schema\\\/person\\\/5acd6b633d5ad936ca6c484e9925a6e4\"},\"headline\":\"The March is On: TRTA Rallies Members to Action!\",\"datePublished\":\"2017-03-03T19:25:35+00:00\",\"mainEntityOfPage\":{\"@id\":\"https:\\\/\\\/trta.org\\\/the-march-is-on-trta-rallies-members-to-action\\\/\"},\"wordCount\":723,\"publisher\":{\"@id\":\"https:\\\/\\\/trta.org\\\/#organization\"},\"articleSection\":[\"TRS-Care\",\"Update\"],\"inLanguage\":\"es\"},{\"@type\":\"WebPage\",\"@id\":\"https:\\\/\\\/trta.org\\\/the-march-is-on-trta-rallies-members-to-action\\\/\",\"url\":\"https:\\\/\\\/trta.org\\\/the-march-is-on-trta-rallies-members-to-action\\\/\",\"name\":\"The March is On: TRTA Rallies Members to Action! - Texas Retired Teachers Association\",\"isPartOf\":{\"@id\":\"https:\\\/\\\/trta.org\\\/#website\"},\"datePublished\":\"2017-03-03T19:25:35+00:00\",\"breadcrumb\":{\"@id\":\"https:\\\/\\\/trta.org\\\/the-march-is-on-trta-rallies-members-to-action\\\/#breadcrumb\"},\"inLanguage\":\"es\",\"potentialAction\":[{\"@type\":\"ReadAction\",\"target\":[\"https:\\\/\\\/trta.org\\\/the-march-is-on-trta-rallies-members-to-action\\\/\"]}]},{\"@type\":\"BreadcrumbList\",\"@id\":\"https:\\\/\\\/trta.org\\\/the-march-is-on-trta-rallies-members-to-action\\\/#breadcrumb\",\"itemListElement\":[{\"@type\":\"ListItem\",\"position\":1,\"name\":\"Home\",\"item\":\"https:\\\/\\\/trta.org\\\/\"},{\"@type\":\"ListItem\",\"position\":2,\"name\":\"The March is On: TRTA Rallies Members to Action!\"}]},{\"@type\":\"WebSite\",\"@id\":\"https:\\\/\\\/trta.org\\\/#website\",\"url\":\"https:\\\/\\\/trta.org\\\/\",\"name\":\"Texas Retired Teachers Association\",\"description\":\"\",\"publisher\":{\"@id\":\"https:\\\/\\\/trta.org\\\/#organization\"},\"potentialAction\":[{\"@type\":\"SearchAction\",\"target\":{\"@type\":\"EntryPoint\",\"urlTemplate\":\"https:\\\/\\\/trta.org\\\/?s={search_term_string}\"},\"query-input\":{\"@type\":\"PropertyValueSpecification\",\"valueRequired\":true,\"valueName\":\"search_term_string\"}}],\"inLanguage\":\"es\"},{\"@type\":\"Organization\",\"@id\":\"https:\\\/\\\/trta.org\\\/#organization\",\"name\":\"Texas Retired Teachers Association\",\"url\":\"https:\\\/\\\/trta.org\\\/\",\"logo\":{\"@type\":\"ImageObject\",\"inLanguage\":\"es\",\"@id\":\"https:\\\/\\\/trta.org\\\/#\\\/schema\\\/logo\\\/image\\\/\",\"url\":\"https:\\\/\\\/trta.org\\\/wp-content\\\/uploads\\\/2022\\\/12\\\/logo.png\",\"contentUrl\":\"https:\\\/\\\/trta.org\\\/wp-content\\\/uploads\\\/2022\\\/12\\\/logo.png\",\"width\":593,\"height\":183,\"caption\":\"Texas Retired Teachers Association\"},\"image\":{\"@id\":\"https:\\\/\\\/trta.org\\\/#\\\/schema\\\/logo\\\/image\\\/\"}},{\"@type\":\"Person\",\"@id\":\"https:\\\/\\\/trta.org\\\/#\\\/schema\\\/person\\\/5acd6b633d5ad936ca6c484e9925a6e4\",\"name\":\"rvarney\",\"image\":{\"@type\":\"ImageObject\",\"inLanguage\":\"es\",\"@id\":\"https:\\\/\\\/secure.gravatar.com\\\/avatar\\\/389463371978c05ec14fcfb597b19e685d96acfd7966b2a5d78bf3eee6a16451?s=96&d=mm&r=g\",\"url\":\"https:\\\/\\\/secure.gravatar.com\\\/avatar\\\/389463371978c05ec14fcfb597b19e685d96acfd7966b2a5d78bf3eee6a16451?s=96&d=mm&r=g\",\"contentUrl\":\"https:\\\/\\\/secure.gravatar.com\\\/avatar\\\/389463371978c05ec14fcfb597b19e685d96acfd7966b2a5d78bf3eee6a16451?s=96&d=mm&r=g\",\"caption\":\"rvarney\"},\"url\":\"https:\\\/\\\/trta.org\\\/es\\\/author\\\/rvarney\\\/\"}]}<\/script>\n<!-- \/ Yoast SEO plugin. -->","yoast_head_json":{"title":"The March is On: TRTA Rallies Members to Action! - Texas Retired Teachers Association","robots":{"index":"index","follow":"follow","max-snippet":"max-snippet:-1","max-image-preview":"max-image-preview:large","max-video-preview":"max-video-preview:-1"},"canonical":"https:\/\/trta.org\/es\/the-march-is-on-trta-rallies-members-to-action\/","og_locale":"es_ES","og_type":"article","og_title":"The March is On: TRTA Rallies Members to Action! - Texas Retired Teachers Association","og_description":"March is the most crucial month for legislative action on issues that impact you and your fellow public education retirees. The Texas Retired Teachers Association (TRTA) is moving full steam ahead, and we need your help! THE MARCH IS ON! The Texas Legislature is moving at a rapid pace, finalizing budget discussions, hearing bills in [&hellip;]","og_url":"https:\/\/trta.org\/es\/the-march-is-on-trta-rallies-members-to-action\/","og_site_name":"Texas Retired Teachers Association","article_published_time":"2017-03-03T19:25:35+00:00","author":"rvarney","twitter_card":"summary_large_image","twitter_misc":{"Escrito por":"rvarney","Tiempo de lectura":"4 minutos"},"schema":{"@context":"https:\/\/schema.org","@graph":[{"@type":"Article","@id":"https:\/\/trta.org\/the-march-is-on-trta-rallies-members-to-action\/#article","isPartOf":{"@id":"https:\/\/trta.org\/the-march-is-on-trta-rallies-members-to-action\/"},"author":{"name":"rvarney","@id":"https:\/\/trta.org\/#\/schema\/person\/5acd6b633d5ad936ca6c484e9925a6e4"},"headline":"The March is On: TRTA Rallies Members to Action!","datePublished":"2017-03-03T19:25:35+00:00","mainEntityOfPage":{"@id":"https:\/\/trta.org\/the-march-is-on-trta-rallies-members-to-action\/"},"wordCount":723,"publisher":{"@id":"https:\/\/trta.org\/#organization"},"articleSection":["TRS-Care","Update"],"inLanguage":"es"},{"@type":"WebPage","@id":"https:\/\/trta.org\/the-march-is-on-trta-rallies-members-to-action\/","url":"https:\/\/trta.org\/the-march-is-on-trta-rallies-members-to-action\/","name":"The March is On: TRTA Rallies Members to Action! - Texas Retired Teachers Association","isPartOf":{"@id":"https:\/\/trta.org\/#website"},"datePublished":"2017-03-03T19:25:35+00:00","breadcrumb":{"@id":"https:\/\/trta.org\/the-march-is-on-trta-rallies-members-to-action\/#breadcrumb"},"inLanguage":"es","potentialAction":[{"@type":"ReadAction","target":["https:\/\/trta.org\/the-march-is-on-trta-rallies-members-to-action\/"]}]},{"@type":"BreadcrumbList","@id":"https:\/\/trta.org\/the-march-is-on-trta-rallies-members-to-action\/#breadcrumb","itemListElement":[{"@type":"ListItem","position":1,"name":"Home","item":"https:\/\/trta.org\/"},{"@type":"ListItem","position":2,"name":"The March is On: TRTA Rallies Members to Action!"}]},{"@type":"WebSite","@id":"https:\/\/trta.org\/#website","url":"https:\/\/trta.org\/","name":"Asociaci\u00f3n de Maestros Jubilados de Texas","description":"","publisher":{"@id":"https:\/\/trta.org\/#organization"},"potentialAction":[{"@type":"SearchAction","target":{"@type":"EntryPoint","urlTemplate":"https:\/\/trta.org\/?s={search_term_string}"},"query-input":{"@type":"PropertyValueSpecification","valueRequired":true,"valueName":"search_term_string"}}],"inLanguage":"es"},{"@type":"Organization","@id":"https:\/\/trta.org\/#organization","name":"Asociaci\u00f3n de Maestros Jubilados de Texas","url":"https:\/\/trta.org\/","logo":{"@type":"ImageObject","inLanguage":"es","@id":"https:\/\/trta.org\/#\/schema\/logo\/image\/","url":"https:\/\/trta.org\/wp-content\/uploads\/2022\/12\/logo.png","contentUrl":"https:\/\/trta.org\/wp-content\/uploads\/2022\/12\/logo.png","width":593,"height":183,"caption":"Texas Retired Teachers Association"},"image":{"@id":"https:\/\/trta.org\/#\/schema\/logo\/image\/"}},{"@type":"Person","@id":"https:\/\/trta.org\/#\/schema\/person\/5acd6b633d5ad936ca6c484e9925a6e4","name":"rvarney","image":{"@type":"ImageObject","inLanguage":"es","@id":"https:\/\/secure.gravatar.com\/avatar\/389463371978c05ec14fcfb597b19e685d96acfd7966b2a5d78bf3eee6a16451?s=96&d=mm&r=g","url":"https:\/\/secure.gravatar.com\/avatar\/389463371978c05ec14fcfb597b19e685d96acfd7966b2a5d78bf3eee6a16451?s=96&d=mm&r=g","contentUrl":"https:\/\/secure.gravatar.com\/avatar\/389463371978c05ec14fcfb597b19e685d96acfd7966b2a5d78bf3eee6a16451?s=96&d=mm&r=g","caption":"rvarney"},"url":"https:\/\/trta.org\/es\/author\/rvarney\/"}]}},"_links":{"self":[{"href":"https:\/\/trta.org\/es\/wp-json\/wp\/v2\/posts\/2633","targetHints":{"allow":["GET"]}}],"collection":[{"href":"https:\/\/trta.org\/es\/wp-json\/wp\/v2\/posts"}],"about":[{"href":"https:\/\/trta.org\/es\/wp-json\/wp\/v2\/types\/post"}],"author":[{"embeddable":true,"href":"https:\/\/trta.org\/es\/wp-json\/wp\/v2\/users\/3"}],"replies":[{"embeddable":true,"href":"https:\/\/trta.org\/es\/wp-json\/wp\/v2\/comments?post=2633"}],"version-history":[{"count":0,"href":"https:\/\/trta.org\/es\/wp-json\/wp\/v2\/posts\/2633\/revisions"}],"wp:attachment":[{"href":"https:\/\/trta.org\/es\/wp-json\/wp\/v2\/media?parent=2633"}],"wp:term":[{"taxonomy":"category","embeddable":true,"href":"https:\/\/trta.org\/es\/wp-json\/wp\/v2\/categories?post=2633"},{"taxonomy":"post_tag","embeddable":true,"href":"https:\/\/trta.org\/es\/wp-json\/wp\/v2\/tags?post=2633"}],"curies":[{"name":"wp","href":"https:\/\/api.w.org\/{rel}","templated":true}]}}