{"id":42692,"date":"2019-04-03T04:00:44","date_gmt":"2019-04-03T09:00:44","guid":{"rendered":"https:\/\/trta.org\/?p=42692"},"modified":"2019-04-03T04:00:44","modified_gmt":"2019-04-03T09:00:44","slug":"trta-day-at-the-capitol-is-here-3","status":"publish","type":"post","link":"https:\/\/trta.org\/es\/trta-day-at-the-capitol-is-here-3\/","title":{"rendered":"TRTA Day at the Capitol is Here!"},"content":{"rendered":"<ul>\n<li><em><span style=\"color: #0000ff;\"><strong><a style=\"color: #0000ff;\" href=\"https:\/\/trta.org\/es\/action-center\/?vvsrc=%2fcampaigns%2f64851%2frespond\" data-cke-saved-href=\"https:\/\/trta.org\/action-center\/?vvsrc=%2fcampaigns%2f64851%2frespond\">Invite your legislators to TRTA Day at the Capitol by clicking here!<\/a><\/strong><\/span><\/em><\/li>\n<li>Use our hashtag #DAYATTHECAPITOL on Facebook and Twitter to let your legislators, friends, family and colleagues know you are attending the event or supporting TRTA&#8217;s efforts from home!<\/li>\n<\/ul>\n<p>Today, April 3, is the Texas Retired Teachers Association Day at the Capitol event! More than 1000 retired educators from across the state will arrive on the east lawn of the Texas Capitol wearing red shirts, #RAISETHEBASE bracelets and stickers, and rallying in support of funding for vital pension and health care programs!<\/p>\n<p><strong>TRTA IS THE VOICE FOR TEXAS PUBLIC EDUCATION RETIREES, and we want to be seen and heard today!<\/strong><\/p>\n<p>Though many of our retirees would like to attend this event, not all are able. We want your voice to be heard today too! Here are some ways you can participate and promote the causes that matter most to retired educators.<\/p>\n<h1 class=\"mc-toc-title\">Participate in Day at the Capitol Even If You&#8217;re At Home Today!<\/h1>\n<p><strong>1.<span style=\"color: #0000ff;\"> <a style=\"color: #0000ff;\" href=\"https:\/\/trta.org\/es\/action-center\/?vvsrc=%2fcampaigns%2f64851%2frespond\" data-cke-saved-href=\"https:\/\/trta.org\/action-center\/?vvsrc=%2fcampaigns%2f64851%2frespond\">Send An Email Action Alert Today<\/a>!<\/span><\/strong><\/p>\n<ul>\n<li>Help us extend an invitation to all legislators and their staff members to join us for our ice cream social and rally on the east lawn. We\u2019d also like for our legislators to come out to the tent during our rally and share some encouraging words. We want to show our appreciation for their overwhelming support this session to make the TRS pension fund actuarially sound and set retirees on a path for a meaningful benefit increase.<\/li>\n<li><a href=\"https:\/\/trta.org\/es\/action-center\/?vvsrc=%2fcampaigns%2f64851%2frespond\" data-cke-saved-href=\"https:\/\/trta.org\/action-center\/?vvsrc=%2fcampaigns%2f64851%2frespond\">Click this link to send your email now<\/a><\/li>\n<\/ul>\n<p><strong>2. Call Your Legislators Today!<br \/>\n<\/strong><\/p>\n<ul>\n<li>If you are unable to send an email or prefer the phone, please call your legislator today using the Legislator Hotline: <strong>1.888.674.3788<\/strong>.Please let them know education retirees appreciate their hard work this session, and we want to show our gratitude by inviting them to our rally and ice cream social on the east lawn! The rally begins at noon and the ice cream social begins at 12:30 p.m. Legislators and their staff members should feel free to stop by anytime between Noon and 2:00 p.m.<\/li>\n<\/ul>\n<p><strong>3. Download and mail the TRTA Day at the Capitol Fact Page to Your Legislators!<br \/>\n<\/strong><\/p>\n<ul>\n<li>Consider downloading our Day at the Capitol Fact Page and mailing it to your legislators. Though many members will hand deliver this flyer today, we want ALL legislators to receive one! We would appreciate your help spreading the word about the bills and initiatives that TRTA is supporting this session.<\/li>\n<li><strong><span style=\"color: #0000ff;\"><a style=\"color: #0000ff;\" href=\"https:\/\/gallery.mailchimp.com\/139c8c12f5d4628c0bbd65c86\/files\/118063af-e1e9-4cd5-9776-247fe5fb5ac0\/DAC_FINAL_FLYER.pdf\" target=\"_blank\" rel=\"noopener noreferrer\" data-cke-saved-href=\"https:\/\/gallery.mailchimp.com\/139c8c12f5d4628c0bbd65c86\/files\/118063af-e1e9-4cd5-9776-247fe5fb5ac0\/DAC_FINAL_FLYER.pdf\">Please click here if you would like to download the TRTA Day at the Capitol Fact Page<\/a><\/span><\/strong>.<\/li>\n<\/ul>\n<p><u><br \/>\nTo Write State Senators<\/u>:<br \/>\nThe Honorable (full name)<br \/>\nTexas Senate<br \/>\nP.O. Box 12068<br \/>\nAustin, TX 78711-2068<\/p>\n<p><u>To Write State Representatives<\/u>:<br \/>\nThe Honorable (full name)<br \/>\nTexas House of Representatives<br \/>\nP.O. Box 2910<br \/>\nAustin, TX 78768-2910<\/p>\n<p><a href=\"http:\/\/www.fyi.legis.state.tx.us\/Home.aspx\" data-cke-saved-href=\"http:\/\/www.fyi.legis.state.tx.us\/Home.aspx\">To find out who your Senator and Representative are, please click here<\/a>.<\/p>\n<h1 class=\"mc-toc-title\"><strong>\u00a1Gracias!<\/strong><\/h1>\n<p>Thank you again to everyone participating in the TRTA Day at the Capitol. We appreciate you coming to Austin, or virtually participating through the email advocacy campaign, phone calls or mail. Your membership is what makes TRTA the successful organization that it is!<\/p>\n<p>Gracias por su membres\u00eda en TRTA. Estamos luchando ardientemente por sus beneficios todos los d\u00edas en el Capitolio. Si a\u00fan no es miembro de TRTA, <a href=\"https:\/\/trta.org\/es\/join\/\" data-cke-saved-href=\"https:\/\/trta.org\/join\/\">por favor \u00fanete aqu\u00ed<\/a>.<\/p>\n<p>Aseg\u00farate de <a href=\"https:\/\/www.facebook.com\/TexasRetiredTeachers\/\" data-cke-saved-href=\"https:\/\/www.facebook.com\/TexasRetiredTeachers\/\">Danos like en facebook<\/a>, <a href=\"https:\/\/twitter.com\/TRTA\" data-cke-saved-href=\"https:\/\/twitter.com\/TRTA\">S\u00edganos en Twitter<\/a> y <a href=\"https:\/\/www.youtube.com\/user\/TheTRTATV\" data-cke-saved-href=\"https:\/\/www.youtube.com\/user\/TheTRTATV\">suscr\u00edbete a nuestro canal de youtube<\/a>.<\/p>","protected":false},"excerpt":{"rendered":"<p>Invite your legislators to TRTA Day at the Capitol by clicking here! Use our hashtag #DAYATTHECAPITOL on Facebook and Twitter to let your legislators, friends, family and colleagues know you are attending the event or supporting TRTA&#8217;s efforts from home! Today, April 3, is the Texas Retired Teachers Association Day at the Capitol event! More [&hellip;]<\/p>\n","protected":false},"author":3,"featured_media":42694,"comment_status":"closed","ping_status":"open","sticky":false,"template":"","format":"standard","meta":{"_acf_changed":false,"footnotes":""},"categories":[22,12,15,14],"tags":[],"class_list":["post-42692","post","type-post","status-publish","format-standard","has-post-thumbnail","hentry","category-info","category-pensions","category-trs","category-update"],"acf":[],"yoast_head":"<!-- This site is optimized with the Yoast SEO plugin v27.5 - https:\/\/yoast.com\/product\/yoast-seo-wordpress\/ -->\n<title>TRTA Day at the Capitol is Here! - Texas Retired Teachers Association<\/title>\n<meta name=\"robots\" content=\"index, follow, max-snippet:-1, max-image-preview:large, max-video-preview:-1\" \/>\n<link rel=\"canonical\" href=\"https:\/\/trta.org\/es\/trta-day-at-the-capitol-is-here-3\/\" \/>\n<meta property=\"og:locale\" content=\"es_ES\" \/>\n<meta property=\"og:type\" content=\"article\" \/>\n<meta property=\"og:title\" content=\"TRTA Day at the Capitol is Here! - Texas Retired Teachers Association\" \/>\n<meta property=\"og:description\" content=\"Invite your legislators to TRTA Day at the Capitol by clicking here! Use our hashtag #DAYATTHECAPITOL on Facebook and Twitter to let your legislators, friends, family and colleagues know you are attending the event or supporting TRTA&#8217;s efforts from home! Today, April 3, is the Texas Retired Teachers Association Day at the Capitol event! More [&hellip;]\" \/>\n<meta property=\"og:url\" content=\"https:\/\/trta.org\/es\/trta-day-at-the-capitol-is-here-3\/\" \/>\n<meta property=\"og:site_name\" content=\"Texas Retired Teachers Association\" \/>\n<meta property=\"article:published_time\" content=\"2019-04-03T09:00:44+00:00\" \/>\n<meta property=\"og:image\" content=\"https:\/\/trta.org\/wp-content\/uploads\/2019\/03\/civilwar-capitol-e1553796047800-1.jpg\" \/>\n\t<meta property=\"og:image:width\" content=\"800\" \/>\n\t<meta property=\"og:image:height\" content=\"811\" \/>\n\t<meta property=\"og:image:type\" content=\"image\/jpeg\" \/>\n<meta name=\"author\" content=\"rvarney\" \/>\n<meta name=\"twitter:card\" content=\"summary_large_image\" \/>\n<meta name=\"twitter:label1\" content=\"Escrito por\" \/>\n\t<meta name=\"twitter:data1\" content=\"rvarney\" \/>\n\t<meta name=\"twitter:label2\" content=\"Tiempo de lectura\" \/>\n\t<meta name=\"twitter:data2\" content=\"3 minutos\" \/>\n<script type=\"application\/ld+json\" class=\"yoast-schema-graph\">{\"@context\":\"https:\\\/\\\/schema.org\",\"@graph\":[{\"@type\":\"Article\",\"@id\":\"https:\\\/\\\/trta.org\\\/trta-day-at-the-capitol-is-here-3\\\/#article\",\"isPartOf\":{\"@id\":\"https:\\\/\\\/trta.org\\\/trta-day-at-the-capitol-is-here-3\\\/\"},\"author\":{\"name\":\"rvarney\",\"@id\":\"https:\\\/\\\/trta.org\\\/#\\\/schema\\\/person\\\/5acd6b633d5ad936ca6c484e9925a6e4\"},\"headline\":\"TRTA Day at the Capitol is Here!\",\"datePublished\":\"2019-04-03T09:00:44+00:00\",\"mainEntityOfPage\":{\"@id\":\"https:\\\/\\\/trta.org\\\/trta-day-at-the-capitol-is-here-3\\\/\"},\"wordCount\":571,\"publisher\":{\"@id\":\"https:\\\/\\\/trta.org\\\/#organization\"},\"image\":{\"@id\":\"https:\\\/\\\/trta.org\\\/trta-day-at-the-capitol-is-here-3\\\/#primaryimage\"},\"thumbnailUrl\":\"https:\\\/\\\/trta.org\\\/wp-content\\\/uploads\\\/2019\\\/03\\\/civilwar-capitol-e1553796047800-1.jpg\",\"articleSection\":[\"info\",\"Pensions\",\"TRS\",\"Update\"],\"inLanguage\":\"es\"},{\"@type\":\"WebPage\",\"@id\":\"https:\\\/\\\/trta.org\\\/trta-day-at-the-capitol-is-here-3\\\/\",\"url\":\"https:\\\/\\\/trta.org\\\/trta-day-at-the-capitol-is-here-3\\\/\",\"name\":\"TRTA Day at the Capitol is Here! - Texas Retired Teachers Association\",\"isPartOf\":{\"@id\":\"https:\\\/\\\/trta.org\\\/#website\"},\"primaryImageOfPage\":{\"@id\":\"https:\\\/\\\/trta.org\\\/trta-day-at-the-capitol-is-here-3\\\/#primaryimage\"},\"image\":{\"@id\":\"https:\\\/\\\/trta.org\\\/trta-day-at-the-capitol-is-here-3\\\/#primaryimage\"},\"thumbnailUrl\":\"https:\\\/\\\/trta.org\\\/wp-content\\\/uploads\\\/2019\\\/03\\\/civilwar-capitol-e1553796047800-1.jpg\",\"datePublished\":\"2019-04-03T09:00:44+00:00\",\"breadcrumb\":{\"@id\":\"https:\\\/\\\/trta.org\\\/trta-day-at-the-capitol-is-here-3\\\/#breadcrumb\"},\"inLanguage\":\"es\",\"potentialAction\":[{\"@type\":\"ReadAction\",\"target\":[\"https:\\\/\\\/trta.org\\\/trta-day-at-the-capitol-is-here-3\\\/\"]}]},{\"@type\":\"ImageObject\",\"inLanguage\":\"es\",\"@id\":\"https:\\\/\\\/trta.org\\\/trta-day-at-the-capitol-is-here-3\\\/#primaryimage\",\"url\":\"https:\\\/\\\/trta.org\\\/wp-content\\\/uploads\\\/2019\\\/03\\\/civilwar-capitol-e1553796047800-1.jpg\",\"contentUrl\":\"https:\\\/\\\/trta.org\\\/wp-content\\\/uploads\\\/2019\\\/03\\\/civilwar-capitol-e1553796047800-1.jpg\",\"width\":800,\"height\":811},{\"@type\":\"BreadcrumbList\",\"@id\":\"https:\\\/\\\/trta.org\\\/trta-day-at-the-capitol-is-here-3\\\/#breadcrumb\",\"itemListElement\":[{\"@type\":\"ListItem\",\"position\":1,\"name\":\"Home\",\"item\":\"https:\\\/\\\/trta.org\\\/\"},{\"@type\":\"ListItem\",\"position\":2,\"name\":\"TRTA Day at the Capitol is Here!\"}]},{\"@type\":\"WebSite\",\"@id\":\"https:\\\/\\\/trta.org\\\/#website\",\"url\":\"https:\\\/\\\/trta.org\\\/\",\"name\":\"Texas Retired Teachers Association\",\"description\":\"\",\"publisher\":{\"@id\":\"https:\\\/\\\/trta.org\\\/#organization\"},\"potentialAction\":[{\"@type\":\"SearchAction\",\"target\":{\"@type\":\"EntryPoint\",\"urlTemplate\":\"https:\\\/\\\/trta.org\\\/?s={search_term_string}\"},\"query-input\":{\"@type\":\"PropertyValueSpecification\",\"valueRequired\":true,\"valueName\":\"search_term_string\"}}],\"inLanguage\":\"es\"},{\"@type\":\"Organization\",\"@id\":\"https:\\\/\\\/trta.org\\\/#organization\",\"name\":\"Texas Retired Teachers Association\",\"url\":\"https:\\\/\\\/trta.org\\\/\",\"logo\":{\"@type\":\"ImageObject\",\"inLanguage\":\"es\",\"@id\":\"https:\\\/\\\/trta.org\\\/#\\\/schema\\\/logo\\\/image\\\/\",\"url\":\"https:\\\/\\\/trta.org\\\/wp-content\\\/uploads\\\/2022\\\/12\\\/logo.png\",\"contentUrl\":\"https:\\\/\\\/trta.org\\\/wp-content\\\/uploads\\\/2022\\\/12\\\/logo.png\",\"width\":593,\"height\":183,\"caption\":\"Texas Retired Teachers Association\"},\"image\":{\"@id\":\"https:\\\/\\\/trta.org\\\/#\\\/schema\\\/logo\\\/image\\\/\"}},{\"@type\":\"Person\",\"@id\":\"https:\\\/\\\/trta.org\\\/#\\\/schema\\\/person\\\/5acd6b633d5ad936ca6c484e9925a6e4\",\"name\":\"rvarney\",\"image\":{\"@type\":\"ImageObject\",\"inLanguage\":\"es\",\"@id\":\"https:\\\/\\\/secure.gravatar.com\\\/avatar\\\/389463371978c05ec14fcfb597b19e685d96acfd7966b2a5d78bf3eee6a16451?s=96&d=mm&r=g\",\"url\":\"https:\\\/\\\/secure.gravatar.com\\\/avatar\\\/389463371978c05ec14fcfb597b19e685d96acfd7966b2a5d78bf3eee6a16451?s=96&d=mm&r=g\",\"contentUrl\":\"https:\\\/\\\/secure.gravatar.com\\\/avatar\\\/389463371978c05ec14fcfb597b19e685d96acfd7966b2a5d78bf3eee6a16451?s=96&d=mm&r=g\",\"caption\":\"rvarney\"},\"url\":\"https:\\\/\\\/trta.org\\\/es\\\/author\\\/rvarney\\\/\"}]}<\/script>\n<!-- \/ Yoast SEO plugin. -->","yoast_head_json":{"title":"TRTA Day at the Capitol is Here! - Texas Retired Teachers Association","robots":{"index":"index","follow":"follow","max-snippet":"max-snippet:-1","max-image-preview":"max-image-preview:large","max-video-preview":"max-video-preview:-1"},"canonical":"https:\/\/trta.org\/es\/trta-day-at-the-capitol-is-here-3\/","og_locale":"es_ES","og_type":"article","og_title":"TRTA Day at the Capitol is Here! - Texas Retired Teachers Association","og_description":"Invite your legislators to TRTA Day at the Capitol by clicking here! Use our hashtag #DAYATTHECAPITOL on Facebook and Twitter to let your legislators, friends, family and colleagues know you are attending the event or supporting TRTA&#8217;s efforts from home! Today, April 3, is the Texas Retired Teachers Association Day at the Capitol event! More [&hellip;]","og_url":"https:\/\/trta.org\/es\/trta-day-at-the-capitol-is-here-3\/","og_site_name":"Texas Retired Teachers Association","article_published_time":"2019-04-03T09:00:44+00:00","og_image":[{"width":800,"height":811,"url":"https:\/\/trta.org\/wp-content\/uploads\/2019\/03\/civilwar-capitol-e1553796047800-1.jpg","type":"image\/jpeg"}],"author":"rvarney","twitter_card":"summary_large_image","twitter_misc":{"Escrito por":"rvarney","Tiempo de lectura":"3 minutos"},"schema":{"@context":"https:\/\/schema.org","@graph":[{"@type":"Article","@id":"https:\/\/trta.org\/trta-day-at-the-capitol-is-here-3\/#article","isPartOf":{"@id":"https:\/\/trta.org\/trta-day-at-the-capitol-is-here-3\/"},"author":{"name":"rvarney","@id":"https:\/\/trta.org\/#\/schema\/person\/5acd6b633d5ad936ca6c484e9925a6e4"},"headline":"TRTA Day at the Capitol is Here!","datePublished":"2019-04-03T09:00:44+00:00","mainEntityOfPage":{"@id":"https:\/\/trta.org\/trta-day-at-the-capitol-is-here-3\/"},"wordCount":571,"publisher":{"@id":"https:\/\/trta.org\/#organization"},"image":{"@id":"https:\/\/trta.org\/trta-day-at-the-capitol-is-here-3\/#primaryimage"},"thumbnailUrl":"https:\/\/trta.org\/wp-content\/uploads\/2019\/03\/civilwar-capitol-e1553796047800-1.jpg","articleSection":["info","Pensions","TRS","Update"],"inLanguage":"es"},{"@type":"WebPage","@id":"https:\/\/trta.org\/trta-day-at-the-capitol-is-here-3\/","url":"https:\/\/trta.org\/trta-day-at-the-capitol-is-here-3\/","name":"TRTA Day at the Capitol is Here! - Texas Retired Teachers Association","isPartOf":{"@id":"https:\/\/trta.org\/#website"},"primaryImageOfPage":{"@id":"https:\/\/trta.org\/trta-day-at-the-capitol-is-here-3\/#primaryimage"},"image":{"@id":"https:\/\/trta.org\/trta-day-at-the-capitol-is-here-3\/#primaryimage"},"thumbnailUrl":"https:\/\/trta.org\/wp-content\/uploads\/2019\/03\/civilwar-capitol-e1553796047800-1.jpg","datePublished":"2019-04-03T09:00:44+00:00","breadcrumb":{"@id":"https:\/\/trta.org\/trta-day-at-the-capitol-is-here-3\/#breadcrumb"},"inLanguage":"es","potentialAction":[{"@type":"ReadAction","target":["https:\/\/trta.org\/trta-day-at-the-capitol-is-here-3\/"]}]},{"@type":"ImageObject","inLanguage":"es","@id":"https:\/\/trta.org\/trta-day-at-the-capitol-is-here-3\/#primaryimage","url":"https:\/\/trta.org\/wp-content\/uploads\/2019\/03\/civilwar-capitol-e1553796047800-1.jpg","contentUrl":"https:\/\/trta.org\/wp-content\/uploads\/2019\/03\/civilwar-capitol-e1553796047800-1.jpg","width":800,"height":811},{"@type":"BreadcrumbList","@id":"https:\/\/trta.org\/trta-day-at-the-capitol-is-here-3\/#breadcrumb","itemListElement":[{"@type":"ListItem","position":1,"name":"Home","item":"https:\/\/trta.org\/"},{"@type":"ListItem","position":2,"name":"TRTA Day at the Capitol is Here!"}]},{"@type":"WebSite","@id":"https:\/\/trta.org\/#website","url":"https:\/\/trta.org\/","name":"Asociaci\u00f3n de Maestros Jubilados de Texas","description":"","publisher":{"@id":"https:\/\/trta.org\/#organization"},"potentialAction":[{"@type":"SearchAction","target":{"@type":"EntryPoint","urlTemplate":"https:\/\/trta.org\/?s={search_term_string}"},"query-input":{"@type":"PropertyValueSpecification","valueRequired":true,"valueName":"search_term_string"}}],"inLanguage":"es"},{"@type":"Organization","@id":"https:\/\/trta.org\/#organization","name":"Asociaci\u00f3n de Maestros Jubilados de Texas","url":"https:\/\/trta.org\/","logo":{"@type":"ImageObject","inLanguage":"es","@id":"https:\/\/trta.org\/#\/schema\/logo\/image\/","url":"https:\/\/trta.org\/wp-content\/uploads\/2022\/12\/logo.png","contentUrl":"https:\/\/trta.org\/wp-content\/uploads\/2022\/12\/logo.png","width":593,"height":183,"caption":"Texas Retired Teachers Association"},"image":{"@id":"https:\/\/trta.org\/#\/schema\/logo\/image\/"}},{"@type":"Person","@id":"https:\/\/trta.org\/#\/schema\/person\/5acd6b633d5ad936ca6c484e9925a6e4","name":"rvarney","image":{"@type":"ImageObject","inLanguage":"es","@id":"https:\/\/secure.gravatar.com\/avatar\/389463371978c05ec14fcfb597b19e685d96acfd7966b2a5d78bf3eee6a16451?s=96&d=mm&r=g","url":"https:\/\/secure.gravatar.com\/avatar\/389463371978c05ec14fcfb597b19e685d96acfd7966b2a5d78bf3eee6a16451?s=96&d=mm&r=g","contentUrl":"https:\/\/secure.gravatar.com\/avatar\/389463371978c05ec14fcfb597b19e685d96acfd7966b2a5d78bf3eee6a16451?s=96&d=mm&r=g","caption":"rvarney"},"url":"https:\/\/trta.org\/es\/author\/rvarney\/"}]}},"_links":{"self":[{"href":"https:\/\/trta.org\/es\/wp-json\/wp\/v2\/posts\/42692","targetHints":{"allow":["GET"]}}],"collection":[{"href":"https:\/\/trta.org\/es\/wp-json\/wp\/v2\/posts"}],"about":[{"href":"https:\/\/trta.org\/es\/wp-json\/wp\/v2\/types\/post"}],"author":[{"embeddable":true,"href":"https:\/\/trta.org\/es\/wp-json\/wp\/v2\/users\/3"}],"replies":[{"embeddable":true,"href":"https:\/\/trta.org\/es\/wp-json\/wp\/v2\/comments?post=42692"}],"version-history":[{"count":0,"href":"https:\/\/trta.org\/es\/wp-json\/wp\/v2\/posts\/42692\/revisions"}],"wp:featuredmedia":[{"embeddable":true,"href":"https:\/\/trta.org\/es\/wp-json\/wp\/v2\/media\/42694"}],"wp:attachment":[{"href":"https:\/\/trta.org\/es\/wp-json\/wp\/v2\/media?parent=42692"}],"wp:term":[{"taxonomy":"category","embeddable":true,"href":"https:\/\/trta.org\/es\/wp-json\/wp\/v2\/categories?post=42692"},{"taxonomy":"post_tag","embeddable":true,"href":"https:\/\/trta.org\/es\/wp-json\/wp\/v2\/tags?post=42692"}],"curies":[{"name":"wp","href":"https:\/\/api.w.org\/{rel}","templated":true}]}}