{"id":63984,"date":"2023-01-18T12:59:22","date_gmt":"2023-01-18T18:59:22","guid":{"rendered":"https:\/\/trtaorg.wpengine.com\/?p=63984"},"modified":"2023-02-13T13:00:29","modified_gmt":"2023-02-13T19:00:29","slug":"tim-lee-to-host-live-video-tomorrow-at-4-p-m-central","status":"publish","type":"post","link":"https:\/\/trta.org\/es\/tim-lee-to-host-live-video-tomorrow-at-4-p-m-central\/","title":{"rendered":"Tim Lee presentar\u00e1 un video en vivo ma\u00f1ana a las 4 p. m., hora central"},"content":{"rendered":"<p>Tim Lee, the Texas Retired Teachers Association\u2019s (TRTA) Executive Director, will begin his weekly series of live videos on\u00a0<a href=\"https:\/\/www.facebook.com\/TexasRetiredTeachers\" target=\"_blank\" rel=\"noopener\" data-cke-saved-href=\"https:\/\/www.facebook.com\/TexasRetiredTeachers\">Facebook<\/a>\u00a0y\u00a0<a href=\"https:\/\/www.youtube.com\/watch?v=bqIcheHv3PE\" target=\"_blank\" rel=\"noopener\" data-cke-saved-href=\"https:\/\/www.youtube.com\/watch?v=bqIcheHv3PE\">YouTube<\/a>\u00a0tomorrow, Jan. 19, at 4 p.m. Central. This week he will be going over TRTA\u2019s cost-of-living talking points for the legislative session.<\/p>\n<p>It will be a great opportunity to learn about all the facts surrounding why retired educators need and deserve a COLA! Be sure to tune in on Thursdays as Lee goes live and discusses updates on the legislative session and hosts special guests.<\/p>\n<p>Gracias por ser miembro de TRTA y apoyar los problemas que afectan al personal jubilado de las escuelas p\u00fablicas de Texas.<\/p>\n<p>\u00a1TRTA es el \u00fanico grupo que se enfoca \u00fanicamente en su seguridad de jubilaci\u00f3n TRS!\u00a0<a href=\"https:\/\/nam10.safelinks.protection.outlook.com\/?url=https%3A%2F%2Ftrta.org%2Fjoin&amp;data=04%7C01%7CCindee%40trta.org%7C89d01381b8c24dd2138a08d90658f342%7C85d46dce404d4e3cb3e4463b8a72a96f%7C0%7C0%7C637547801375401103%7CUnknown%7CTWFpbGZsb3d8eyJWIjoiMC4wLjAwMDAiLCJQIjoiV2luMzIiLCJBTiI6Ik1haWwiLCJXVCI6Mn0%3D%7C1000&amp;sdata=LltYGQJdg6%2BzSUY3xm3z7JQJhS9ftGms2EikKnOZduo%3D&amp;reserved=0\" data-cke-saved-href=\"https:\/\/nam10.safelinks.protection.outlook.com\/?url=https%3A%2F%2Ftrta.org%2Fjoin&amp;data=04%7C01%7CCindee%40trta.org%7C89d01381b8c24dd2138a08d90658f342%7C85d46dce404d4e3cb3e4463b8a72a96f%7C0%7C0%7C637547801375401103%7CUnknown%7CTWFpbGZsb3d8eyJWIjoiMC4wLjAwMDAiLCJQIjoiV2luMzIiLCJBTiI6Ik1haWwiLCJXVCI6Mn0%3D%7C1000&amp;sdata=LltYGQJdg6%2BzSUY3xm3z7JQJhS9ftGms2EikKnOZduo%3D&amp;reserved=0\">\u00danase a nosotros hoy<\/a>!<\/p>","protected":false},"excerpt":{"rendered":"<p>Tim Lee, the Texas Retired Teachers Association\u2019s (TRTA) Executive Director, will begin his weekly series of live videos on\u00a0Facebook\u00a0and\u00a0YouTube\u00a0tomorrow, Jan. 19, at 4 p.m. Central. This week he will be going over TRTA\u2019s cost-of-living talking points for the legislative session. It will be a great opportunity to learn about all the facts surrounding why retired [&hellip;]<\/p>\n","protected":false},"author":3,"featured_media":42631,"comment_status":"closed","ping_status":"closed","sticky":false,"template":"","format":"standard","meta":{"_acf_changed":false,"footnotes":""},"categories":[1],"tags":[],"class_list":["post-63984","post","type-post","status-publish","format-standard","has-post-thumbnail","hentry","category-uncategorized"],"acf":[],"yoast_head":"<!-- This site is optimized with the Yoast SEO plugin v27.5 - https:\/\/yoast.com\/product\/yoast-seo-wordpress\/ -->\n<title>Tim Lee to Host Live Video Tomorrow at 4 P.M. Central - Texas Retired Teachers Association<\/title>\n<meta name=\"robots\" content=\"index, follow, max-snippet:-1, max-image-preview:large, max-video-preview:-1\" \/>\n<link rel=\"canonical\" href=\"https:\/\/trta.org\/es\/tim-lee-to-host-live-video-tomorrow-at-4-p-m-central\/\" \/>\n<meta property=\"og:locale\" content=\"es_ES\" \/>\n<meta property=\"og:type\" content=\"article\" \/>\n<meta property=\"og:title\" content=\"Tim Lee to Host Live Video Tomorrow at 4 P.M. Central - Texas Retired Teachers Association\" \/>\n<meta property=\"og:description\" content=\"Tim Lee, the Texas Retired Teachers Association\u2019s (TRTA) Executive Director, will begin his weekly series of live videos on\u00a0Facebook\u00a0and\u00a0YouTube\u00a0tomorrow, Jan. 19, at 4 p.m. Central. This week he will be going over TRTA\u2019s cost-of-living talking points for the legislative session. It will be a great opportunity to learn about all the facts surrounding why retired [&hellip;]\" \/>\n<meta property=\"og:url\" content=\"https:\/\/trta.org\/es\/tim-lee-to-host-live-video-tomorrow-at-4-p-m-central\/\" \/>\n<meta property=\"og:site_name\" content=\"Texas Retired Teachers Association\" \/>\n<meta property=\"article:published_time\" content=\"2023-01-18T18:59:22+00:00\" \/>\n<meta property=\"article:modified_time\" content=\"2023-02-13T19:00:29+00:00\" \/>\n<meta property=\"og:image\" content=\"https:\/\/trta.org\/wp-content\/uploads\/2019\/03\/texas-capitol-daytime-1.jpg\" \/>\n\t<meta property=\"og:image:width\" content=\"800\" \/>\n\t<meta property=\"og:image:height\" content=\"535\" \/>\n\t<meta property=\"og:image:type\" content=\"image\/jpeg\" \/>\n<meta name=\"author\" content=\"rvarney\" \/>\n<meta name=\"twitter:card\" content=\"summary_large_image\" \/>\n<meta name=\"twitter:label1\" content=\"Escrito por\" \/>\n\t<meta name=\"twitter:data1\" content=\"rvarney\" \/>\n\t<meta name=\"twitter:label2\" content=\"Tiempo de lectura\" \/>\n\t<meta name=\"twitter:data2\" content=\"1 minuto\" \/>\n<script type=\"application\/ld+json\" class=\"yoast-schema-graph\">{\"@context\":\"https:\\\/\\\/schema.org\",\"@graph\":[{\"@type\":\"Article\",\"@id\":\"https:\\\/\\\/trta.org\\\/es\\\/tim-lee-to-host-live-video-tomorrow-at-4-p-m-central\\\/#article\",\"isPartOf\":{\"@id\":\"https:\\\/\\\/trta.org\\\/es\\\/tim-lee-to-host-live-video-tomorrow-at-4-p-m-central\\\/\"},\"author\":{\"name\":\"rvarney\",\"@id\":\"https:\\\/\\\/trta.org\\\/#\\\/schema\\\/person\\\/5acd6b633d5ad936ca6c484e9925a6e4\"},\"headline\":\"Tim Lee to Host Live Video Tomorrow at 4 P.M. Central\",\"datePublished\":\"2023-01-18T18:59:22+00:00\",\"dateModified\":\"2023-02-13T19:00:29+00:00\",\"mainEntityOfPage\":{\"@id\":\"https:\\\/\\\/trta.org\\\/es\\\/tim-lee-to-host-live-video-tomorrow-at-4-p-m-central\\\/\"},\"wordCount\":134,\"publisher\":{\"@id\":\"https:\\\/\\\/trta.org\\\/#organization\"},\"image\":{\"@id\":\"https:\\\/\\\/trta.org\\\/es\\\/tim-lee-to-host-live-video-tomorrow-at-4-p-m-central\\\/#primaryimage\"},\"thumbnailUrl\":\"https:\\\/\\\/trta.org\\\/wp-content\\\/uploads\\\/2019\\\/03\\\/texas-capitol-daytime-1.jpg\",\"articleSection\":[\"Uncategorized\"],\"inLanguage\":\"es\"},{\"@type\":\"WebPage\",\"@id\":\"https:\\\/\\\/trta.org\\\/es\\\/tim-lee-to-host-live-video-tomorrow-at-4-p-m-central\\\/\",\"url\":\"https:\\\/\\\/trta.org\\\/es\\\/tim-lee-to-host-live-video-tomorrow-at-4-p-m-central\\\/\",\"name\":\"Tim Lee to Host Live Video Tomorrow at 4 P.M. Central - Texas Retired Teachers Association\",\"isPartOf\":{\"@id\":\"https:\\\/\\\/trta.org\\\/#website\"},\"primaryImageOfPage\":{\"@id\":\"https:\\\/\\\/trta.org\\\/es\\\/tim-lee-to-host-live-video-tomorrow-at-4-p-m-central\\\/#primaryimage\"},\"image\":{\"@id\":\"https:\\\/\\\/trta.org\\\/es\\\/tim-lee-to-host-live-video-tomorrow-at-4-p-m-central\\\/#primaryimage\"},\"thumbnailUrl\":\"https:\\\/\\\/trta.org\\\/wp-content\\\/uploads\\\/2019\\\/03\\\/texas-capitol-daytime-1.jpg\",\"datePublished\":\"2023-01-18T18:59:22+00:00\",\"dateModified\":\"2023-02-13T19:00:29+00:00\",\"breadcrumb\":{\"@id\":\"https:\\\/\\\/trta.org\\\/es\\\/tim-lee-to-host-live-video-tomorrow-at-4-p-m-central\\\/#breadcrumb\"},\"inLanguage\":\"es\",\"potentialAction\":[{\"@type\":\"ReadAction\",\"target\":[\"https:\\\/\\\/trta.org\\\/es\\\/tim-lee-to-host-live-video-tomorrow-at-4-p-m-central\\\/\"]}]},{\"@type\":\"ImageObject\",\"inLanguage\":\"es\",\"@id\":\"https:\\\/\\\/trta.org\\\/es\\\/tim-lee-to-host-live-video-tomorrow-at-4-p-m-central\\\/#primaryimage\",\"url\":\"https:\\\/\\\/trta.org\\\/wp-content\\\/uploads\\\/2019\\\/03\\\/texas-capitol-daytime-1.jpg\",\"contentUrl\":\"https:\\\/\\\/trta.org\\\/wp-content\\\/uploads\\\/2019\\\/03\\\/texas-capitol-daytime-1.jpg\",\"width\":800,\"height\":535},{\"@type\":\"BreadcrumbList\",\"@id\":\"https:\\\/\\\/trta.org\\\/es\\\/tim-lee-to-host-live-video-tomorrow-at-4-p-m-central\\\/#breadcrumb\",\"itemListElement\":[{\"@type\":\"ListItem\",\"position\":1,\"name\":\"Home\",\"item\":\"https:\\\/\\\/trta.org\\\/\"},{\"@type\":\"ListItem\",\"position\":2,\"name\":\"Tim Lee to Host Live Video Tomorrow at 4 P.M. Central\"}]},{\"@type\":\"WebSite\",\"@id\":\"https:\\\/\\\/trta.org\\\/#website\",\"url\":\"https:\\\/\\\/trta.org\\\/\",\"name\":\"Texas Retired Teachers Association\",\"description\":\"\",\"publisher\":{\"@id\":\"https:\\\/\\\/trta.org\\\/#organization\"},\"potentialAction\":[{\"@type\":\"SearchAction\",\"target\":{\"@type\":\"EntryPoint\",\"urlTemplate\":\"https:\\\/\\\/trta.org\\\/?s={search_term_string}\"},\"query-input\":{\"@type\":\"PropertyValueSpecification\",\"valueRequired\":true,\"valueName\":\"search_term_string\"}}],\"inLanguage\":\"es\"},{\"@type\":\"Organization\",\"@id\":\"https:\\\/\\\/trta.org\\\/#organization\",\"name\":\"Texas Retired Teachers Association\",\"url\":\"https:\\\/\\\/trta.org\\\/\",\"logo\":{\"@type\":\"ImageObject\",\"inLanguage\":\"es\",\"@id\":\"https:\\\/\\\/trta.org\\\/#\\\/schema\\\/logo\\\/image\\\/\",\"url\":\"https:\\\/\\\/trta.org\\\/wp-content\\\/uploads\\\/2022\\\/12\\\/logo.png\",\"contentUrl\":\"https:\\\/\\\/trta.org\\\/wp-content\\\/uploads\\\/2022\\\/12\\\/logo.png\",\"width\":593,\"height\":183,\"caption\":\"Texas Retired Teachers Association\"},\"image\":{\"@id\":\"https:\\\/\\\/trta.org\\\/#\\\/schema\\\/logo\\\/image\\\/\"}},{\"@type\":\"Person\",\"@id\":\"https:\\\/\\\/trta.org\\\/#\\\/schema\\\/person\\\/5acd6b633d5ad936ca6c484e9925a6e4\",\"name\":\"rvarney\",\"image\":{\"@type\":\"ImageObject\",\"inLanguage\":\"es\",\"@id\":\"https:\\\/\\\/secure.gravatar.com\\\/avatar\\\/389463371978c05ec14fcfb597b19e685d96acfd7966b2a5d78bf3eee6a16451?s=96&d=mm&r=g\",\"url\":\"https:\\\/\\\/secure.gravatar.com\\\/avatar\\\/389463371978c05ec14fcfb597b19e685d96acfd7966b2a5d78bf3eee6a16451?s=96&d=mm&r=g\",\"contentUrl\":\"https:\\\/\\\/secure.gravatar.com\\\/avatar\\\/389463371978c05ec14fcfb597b19e685d96acfd7966b2a5d78bf3eee6a16451?s=96&d=mm&r=g\",\"caption\":\"rvarney\"},\"url\":\"https:\\\/\\\/trta.org\\\/es\\\/author\\\/rvarney\\\/\"}]}<\/script>\n<!-- \/ Yoast SEO plugin. -->","yoast_head_json":{"title":"Tim Lee to Host Live Video Tomorrow at 4 P.M. Central - Texas Retired Teachers Association","robots":{"index":"index","follow":"follow","max-snippet":"max-snippet:-1","max-image-preview":"max-image-preview:large","max-video-preview":"max-video-preview:-1"},"canonical":"https:\/\/trta.org\/es\/tim-lee-to-host-live-video-tomorrow-at-4-p-m-central\/","og_locale":"es_ES","og_type":"article","og_title":"Tim Lee to Host Live Video Tomorrow at 4 P.M. Central - Texas Retired Teachers Association","og_description":"Tim Lee, the Texas Retired Teachers Association\u2019s (TRTA) Executive Director, will begin his weekly series of live videos on\u00a0Facebook\u00a0and\u00a0YouTube\u00a0tomorrow, Jan. 19, at 4 p.m. Central. This week he will be going over TRTA\u2019s cost-of-living talking points for the legislative session. It will be a great opportunity to learn about all the facts surrounding why retired [&hellip;]","og_url":"https:\/\/trta.org\/es\/tim-lee-to-host-live-video-tomorrow-at-4-p-m-central\/","og_site_name":"Texas Retired Teachers Association","article_published_time":"2023-01-18T18:59:22+00:00","article_modified_time":"2023-02-13T19:00:29+00:00","og_image":[{"width":800,"height":535,"url":"https:\/\/trta.org\/wp-content\/uploads\/2019\/03\/texas-capitol-daytime-1.jpg","type":"image\/jpeg"}],"author":"rvarney","twitter_card":"summary_large_image","twitter_misc":{"Escrito por":"rvarney","Tiempo de lectura":"1 minuto"},"schema":{"@context":"https:\/\/schema.org","@graph":[{"@type":"Article","@id":"https:\/\/trta.org\/es\/tim-lee-to-host-live-video-tomorrow-at-4-p-m-central\/#article","isPartOf":{"@id":"https:\/\/trta.org\/es\/tim-lee-to-host-live-video-tomorrow-at-4-p-m-central\/"},"author":{"name":"rvarney","@id":"https:\/\/trta.org\/#\/schema\/person\/5acd6b633d5ad936ca6c484e9925a6e4"},"headline":"Tim Lee to Host Live Video Tomorrow at 4 P.M. Central","datePublished":"2023-01-18T18:59:22+00:00","dateModified":"2023-02-13T19:00:29+00:00","mainEntityOfPage":{"@id":"https:\/\/trta.org\/es\/tim-lee-to-host-live-video-tomorrow-at-4-p-m-central\/"},"wordCount":134,"publisher":{"@id":"https:\/\/trta.org\/#organization"},"image":{"@id":"https:\/\/trta.org\/es\/tim-lee-to-host-live-video-tomorrow-at-4-p-m-central\/#primaryimage"},"thumbnailUrl":"https:\/\/trta.org\/wp-content\/uploads\/2019\/03\/texas-capitol-daytime-1.jpg","articleSection":["Uncategorized"],"inLanguage":"es"},{"@type":"WebPage","@id":"https:\/\/trta.org\/es\/tim-lee-to-host-live-video-tomorrow-at-4-p-m-central\/","url":"https:\/\/trta.org\/es\/tim-lee-to-host-live-video-tomorrow-at-4-p-m-central\/","name":"Tim Lee to Host Live Video Tomorrow at 4 P.M. Central - Texas Retired Teachers Association","isPartOf":{"@id":"https:\/\/trta.org\/#website"},"primaryImageOfPage":{"@id":"https:\/\/trta.org\/es\/tim-lee-to-host-live-video-tomorrow-at-4-p-m-central\/#primaryimage"},"image":{"@id":"https:\/\/trta.org\/es\/tim-lee-to-host-live-video-tomorrow-at-4-p-m-central\/#primaryimage"},"thumbnailUrl":"https:\/\/trta.org\/wp-content\/uploads\/2019\/03\/texas-capitol-daytime-1.jpg","datePublished":"2023-01-18T18:59:22+00:00","dateModified":"2023-02-13T19:00:29+00:00","breadcrumb":{"@id":"https:\/\/trta.org\/es\/tim-lee-to-host-live-video-tomorrow-at-4-p-m-central\/#breadcrumb"},"inLanguage":"es","potentialAction":[{"@type":"ReadAction","target":["https:\/\/trta.org\/es\/tim-lee-to-host-live-video-tomorrow-at-4-p-m-central\/"]}]},{"@type":"ImageObject","inLanguage":"es","@id":"https:\/\/trta.org\/es\/tim-lee-to-host-live-video-tomorrow-at-4-p-m-central\/#primaryimage","url":"https:\/\/trta.org\/wp-content\/uploads\/2019\/03\/texas-capitol-daytime-1.jpg","contentUrl":"https:\/\/trta.org\/wp-content\/uploads\/2019\/03\/texas-capitol-daytime-1.jpg","width":800,"height":535},{"@type":"BreadcrumbList","@id":"https:\/\/trta.org\/es\/tim-lee-to-host-live-video-tomorrow-at-4-p-m-central\/#breadcrumb","itemListElement":[{"@type":"ListItem","position":1,"name":"Home","item":"https:\/\/trta.org\/"},{"@type":"ListItem","position":2,"name":"Tim Lee to Host Live Video Tomorrow at 4 P.M. Central"}]},{"@type":"WebSite","@id":"https:\/\/trta.org\/#website","url":"https:\/\/trta.org\/","name":"Asociaci\u00f3n de Maestros Jubilados de Texas","description":"","publisher":{"@id":"https:\/\/trta.org\/#organization"},"potentialAction":[{"@type":"SearchAction","target":{"@type":"EntryPoint","urlTemplate":"https:\/\/trta.org\/?s={search_term_string}"},"query-input":{"@type":"PropertyValueSpecification","valueRequired":true,"valueName":"search_term_string"}}],"inLanguage":"es"},{"@type":"Organization","@id":"https:\/\/trta.org\/#organization","name":"Asociaci\u00f3n de Maestros Jubilados de Texas","url":"https:\/\/trta.org\/","logo":{"@type":"ImageObject","inLanguage":"es","@id":"https:\/\/trta.org\/#\/schema\/logo\/image\/","url":"https:\/\/trta.org\/wp-content\/uploads\/2022\/12\/logo.png","contentUrl":"https:\/\/trta.org\/wp-content\/uploads\/2022\/12\/logo.png","width":593,"height":183,"caption":"Texas Retired Teachers Association"},"image":{"@id":"https:\/\/trta.org\/#\/schema\/logo\/image\/"}},{"@type":"Person","@id":"https:\/\/trta.org\/#\/schema\/person\/5acd6b633d5ad936ca6c484e9925a6e4","name":"rvarney","image":{"@type":"ImageObject","inLanguage":"es","@id":"https:\/\/secure.gravatar.com\/avatar\/389463371978c05ec14fcfb597b19e685d96acfd7966b2a5d78bf3eee6a16451?s=96&d=mm&r=g","url":"https:\/\/secure.gravatar.com\/avatar\/389463371978c05ec14fcfb597b19e685d96acfd7966b2a5d78bf3eee6a16451?s=96&d=mm&r=g","contentUrl":"https:\/\/secure.gravatar.com\/avatar\/389463371978c05ec14fcfb597b19e685d96acfd7966b2a5d78bf3eee6a16451?s=96&d=mm&r=g","caption":"rvarney"},"url":"https:\/\/trta.org\/es\/author\/rvarney\/"}]}},"_links":{"self":[{"href":"https:\/\/trta.org\/es\/wp-json\/wp\/v2\/posts\/63984","targetHints":{"allow":["GET"]}}],"collection":[{"href":"https:\/\/trta.org\/es\/wp-json\/wp\/v2\/posts"}],"about":[{"href":"https:\/\/trta.org\/es\/wp-json\/wp\/v2\/types\/post"}],"author":[{"embeddable":true,"href":"https:\/\/trta.org\/es\/wp-json\/wp\/v2\/users\/3"}],"replies":[{"embeddable":true,"href":"https:\/\/trta.org\/es\/wp-json\/wp\/v2\/comments?post=63984"}],"version-history":[{"count":0,"href":"https:\/\/trta.org\/es\/wp-json\/wp\/v2\/posts\/63984\/revisions"}],"wp:featuredmedia":[{"embeddable":true,"href":"https:\/\/trta.org\/es\/wp-json\/wp\/v2\/media\/42631"}],"wp:attachment":[{"href":"https:\/\/trta.org\/es\/wp-json\/wp\/v2\/media?parent=63984"}],"wp:term":[{"taxonomy":"category","embeddable":true,"href":"https:\/\/trta.org\/es\/wp-json\/wp\/v2\/categories?post=63984"},{"taxonomy":"post_tag","embeddable":true,"href":"https:\/\/trta.org\/es\/wp-json\/wp\/v2\/tags?post=63984"}],"curies":[{"name":"wp","href":"https:\/\/api.w.org\/{rel}","templated":true}]}}