{"id":64713,"date":"2023-04-12T05:00:45","date_gmt":"2023-04-12T10:00:45","guid":{"rendered":"https:\/\/trta.org\/?p=64713"},"modified":"2023-04-10T11:03:30","modified_gmt":"2023-04-10T16:03:30","slug":"trta-day-at-the-capitol-2023-is-here-how-you-can-help","status":"publish","type":"post","link":"https:\/\/trta.org\/es\/trta-day-at-the-capitol-2023-is-here-how-you-can-help\/","title":{"rendered":"\u00a1El D\u00eda TRTA en el Capitolio 2023 ya est\u00e1 aqu\u00ed! C\u00f3mo puedes ayudar"},"content":{"rendered":"<p>The Texas Retired Teachers Association (TRTA) is ready for our exciting Day at the Capitol event today, April 12, 2023!<\/p>\n<p>TRTA expects more than 1,000 retired public educators to join us on the East Lawn to meet with legislators, advocate for a much-needed cost-of-living adjustment (COLA) and enjoy fellowship during an old-fashioned ice cream social!<\/p>\n<p>TRTA IS THE VOICE FOR TEXAS PUBLIC EDUCATION RETIREES, and we want to be seen and heard today!<\/p>\n<h2 class=\"null\"><strong>How to Participate if You Cannot Attend in Person<\/strong><\/h2>\n<p>Though many of our retirees would like to attend this event, not all are able. We want your voice to be heard today too! Here are some ways you can participate and promote the causes that matter most to retired educators.<\/p>\n<ol>\n<li><strong>Invite your Senator and Representative to TRTA Day at the Capitol<\/strong>!<\/li>\n<\/ol>\n<p><a href=\"https:\/\/trta.org\/es\/action-center\/?vvsrc=%2fCampaigns%2f103539%2fRespond\" target=\"_blank\" rel=\"noopener\" data-cke-saved-href=\"https:\/\/trta.org\/action-center\/?vvsrc=%2fCampaigns%2f103539%2fRespond\">Click here to email your legislators!<\/a><\/p>\n<ol>\n<li value=\"2\"><strong>Call Your Legislators Today!<\/strong><\/li>\n<\/ol>\n<p>If you are unable to send an email or prefer the phone, please call your legislator today. You can find phone numbers for your legislators by <a href=\"https:\/\/wrm.capitol.texas.gov\/home\" data-cke-saved-href=\"https:\/\/wrm.capitol.texas.gov\/home\">using this website<\/a>.<\/p>\n<p>Please let them know education retirees appreciate their hard work this session, and we want to show our gratitude by inviting them to our ice cream social on the east lawn! The social begins at Noon.<\/p>\n<p>Legislators and their staff members should feel free to stop by anytime between Noon and 2:00 p.m. to say hello to constituents, offer a few words of encouragement, and enjoy some Amy\u2019s Ice Cream!<\/p>\n<ol>\n<li value=\"3\"><strong>Download and mail the <\/strong><a href=\"https:\/\/trta.org\/es\/dacflyer\/\" data-cke-saved-href=\"http:\/\/www.trta.org\/dacflyer\"><strong>TRTA Day at the Capitol Flyer<\/strong><\/a><strong> to Your Legislators!<\/strong><\/li>\n<\/ol>\n<p>Consider downloading our Day at the Capitol Fact Page and mailing it to your legislators. Though many members will hand deliver this flyer today, we want ALL legislators to receive one! We would appreciate your help spreading the word about the bills and initiatives that TRTA is supporting this session.<\/p>\n<p>Please <a href=\"https:\/\/trta.org\/es\/dacflyer\/\" data-cke-saved-href=\"http:\/\/www.trta.org\/dacflyer\">click here<\/a> if you would like to download the TRTA Day at the Capitol Flyer.<\/p>\n<p><u>To Write to State Senators<\/u>:<br \/>\nThe Honorable (full name)<br \/>\nTexas Senate<br \/>\nP.O. Box 12068<br \/>\nAustin, TX 78711-2068<\/p>\n<p><u>To Write to State Representatives<\/u>:<br \/>\nThe Honorable (full name)<br \/>\nTexas House of Representatives<br \/>\nP.O. Box 2910<br \/>\nAustin, TX 78768-2910<\/p>\n<p><a href=\"http:\/\/www.fyi.legis.state.tx.us\/Home.aspx\" data-cke-saved-href=\"http:\/\/www.fyi.legis.state.tx.us\/Home.aspx\">To find out who your Senator and Representative are, please click here<\/a>.<\/p>\n<ol>\n<li value=\"4\"><strong>Watch TRTA\u2019s Day at the Capitol Live Events<\/strong><\/li>\n<\/ol>\n<p>TRTA will host two live events on <a href=\"https:\/\/www.facebook.com\/TexasRetiredTeachers\/\" data-cke-saved-href=\"https:\/\/www.facebook.com\/TexasRetiredTeachers\/\">Facebook<\/a> y <a href=\"https:\/\/www.youtube.com\/thetrtatv\/live\" data-cke-saved-href=\"https:\/\/www.youtube.com\/thetrtatv\/live\">YouTube<\/a> during Day at the Capitol. The first event will be a live viewing of the House of Representatives discussing retired educators, which will occur at about 10 a.m. CST. The second event will be on the Capitol lawn during the ice cream social when legislators come out to speak to retirees, which will occur at about 12:00 p.m. CST. Roy Varney, TRTA\u2019s Multimedia Specialist, will host both live events.<\/p>\n<h2 class=\"null\"><strong>\u00a1Gracias!<\/strong><\/h2>\n<p>Thank you again to everyone participating in the TRTA Day at the Capitol. We appreciate you traveling to Austin, or virtually participating through the email advocacy campaign, phone calls, or mail. Your membership is what makes TRTA the successful organization that it is!<\/p>\n<p>Thank you for your membership to TRTA. We will continue to be at the Capitol every day as session continues, working with your Senator and Representatives to pass much-needed financial relief for our dedicated retired educators. If you are not yet a TRTA member,\u00a0<a href=\"https:\/\/trta.org\/es\/join-trta\/\" data-cke-saved-href=\"https:\/\/trta.org\/join-trta\/\">por favor \u00fanete aqu\u00ed<\/a>.<\/p>\n<p>Aseg\u00farate de\u00a0<a href=\"https:\/\/www.facebook.com\/TexasRetiredTeachers\/\" data-cke-saved-href=\"https:\/\/www.facebook.com\/TexasRetiredTeachers\/\">Danos like en facebook<\/a>,\u00a0<a href=\"https:\/\/twitter.com\/TRTA\" data-cke-saved-href=\"https:\/\/twitter.com\/TRTA\">S\u00edganos en Twitter<\/a>\u00a0y\u00a0<a href=\"https:\/\/www.youtube.com\/user\/TheTRTATV\" data-cke-saved-href=\"https:\/\/www.youtube.com\/user\/TheTRTATV\">suscr\u00edbete a nuestro canal de youtube<\/a>.<\/p>","protected":false},"excerpt":{"rendered":"<p>The Texas Retired Teachers Association (TRTA) is ready for our exciting Day at the Capitol event today, April 12, 2023! TRTA expects more than 1,000 retired public educators to join us on the East Lawn to meet with legislators, advocate for a much-needed cost-of-living adjustment (COLA) and enjoy fellowship during an old-fashioned ice cream social! [&hellip;]<\/p>\n","protected":false},"author":3,"featured_media":58405,"comment_status":"closed","ping_status":"closed","sticky":false,"template":"","format":"standard","meta":{"_acf_changed":false,"footnotes":""},"categories":[49],"tags":[],"class_list":["post-64713","post","type-post","status-publish","format-standard","has-post-thumbnail","hentry","category-featured"],"acf":[],"yoast_head":"<!-- This site is optimized with the Yoast SEO plugin v27.5 - https:\/\/yoast.com\/product\/yoast-seo-wordpress\/ -->\n<title>TRTA Day at the Capitol 2023 is Here! How You Can Help - Texas Retired Teachers Association<\/title>\n<meta name=\"robots\" content=\"index, follow, max-snippet:-1, max-image-preview:large, max-video-preview:-1\" \/>\n<link rel=\"canonical\" href=\"https:\/\/trta.org\/es\/trta-day-at-the-capitol-2023-is-here-how-you-can-help\/\" \/>\n<meta property=\"og:locale\" content=\"es_ES\" \/>\n<meta property=\"og:type\" content=\"article\" \/>\n<meta property=\"og:title\" content=\"TRTA Day at the Capitol 2023 is Here! How You Can Help - Texas Retired Teachers Association\" \/>\n<meta property=\"og:description\" content=\"The Texas Retired Teachers Association (TRTA) is ready for our exciting Day at the Capitol event today, April 12, 2023! TRTA expects more than 1,000 retired public educators to join us on the East Lawn to meet with legislators, advocate for a much-needed cost-of-living adjustment (COLA) and enjoy fellowship during an old-fashioned ice cream social! [&hellip;]\" \/>\n<meta property=\"og:url\" content=\"https:\/\/trta.org\/es\/trta-day-at-the-capitol-2023-is-here-how-you-can-help\/\" \/>\n<meta property=\"og:site_name\" content=\"Texas Retired Teachers Association\" \/>\n<meta property=\"article:published_time\" content=\"2023-04-12T10:00:45+00:00\" \/>\n<meta property=\"og:image\" content=\"https:\/\/trta.org\/wp-content\/uploads\/2020\/07\/Texas-Capitol-Low-Res-scaled-1.jpg\" \/>\n\t<meta property=\"og:image:width\" content=\"2560\" \/>\n\t<meta property=\"og:image:height\" content=\"1753\" \/>\n\t<meta property=\"og:image:type\" content=\"image\/jpeg\" \/>\n<meta name=\"author\" content=\"rvarney\" \/>\n<meta name=\"twitter:card\" content=\"summary_large_image\" \/>\n<meta name=\"twitter:label1\" content=\"Escrito por\" \/>\n\t<meta name=\"twitter:data1\" content=\"rvarney\" \/>\n\t<meta name=\"twitter:label2\" content=\"Tiempo de lectura\" \/>\n\t<meta name=\"twitter:data2\" content=\"3 minutos\" \/>\n<script type=\"application\/ld+json\" class=\"yoast-schema-graph\">{\"@context\":\"https:\\\/\\\/schema.org\",\"@graph\":[{\"@type\":\"Article\",\"@id\":\"https:\\\/\\\/trta.org\\\/trta-day-at-the-capitol-2023-is-here-how-you-can-help\\\/#article\",\"isPartOf\":{\"@id\":\"https:\\\/\\\/trta.org\\\/trta-day-at-the-capitol-2023-is-here-how-you-can-help\\\/\"},\"author\":{\"name\":\"rvarney\",\"@id\":\"https:\\\/\\\/trta.org\\\/#\\\/schema\\\/person\\\/5acd6b633d5ad936ca6c484e9925a6e4\"},\"headline\":\"TRTA Day at the Capitol 2023 is Here! How You Can Help\",\"datePublished\":\"2023-04-12T10:00:45+00:00\",\"mainEntityOfPage\":{\"@id\":\"https:\\\/\\\/trta.org\\\/trta-day-at-the-capitol-2023-is-here-how-you-can-help\\\/\"},\"wordCount\":577,\"publisher\":{\"@id\":\"https:\\\/\\\/trta.org\\\/#organization\"},\"image\":{\"@id\":\"https:\\\/\\\/trta.org\\\/trta-day-at-the-capitol-2023-is-here-how-you-can-help\\\/#primaryimage\"},\"thumbnailUrl\":\"https:\\\/\\\/trta.org\\\/wp-content\\\/uploads\\\/2020\\\/07\\\/Texas-Capitol-Low-Res-scaled-1.jpg\",\"articleSection\":[\"Featured\"],\"inLanguage\":\"es\"},{\"@type\":\"WebPage\",\"@id\":\"https:\\\/\\\/trta.org\\\/trta-day-at-the-capitol-2023-is-here-how-you-can-help\\\/\",\"url\":\"https:\\\/\\\/trta.org\\\/trta-day-at-the-capitol-2023-is-here-how-you-can-help\\\/\",\"name\":\"TRTA Day at the Capitol 2023 is Here! How You Can Help - Texas Retired Teachers Association\",\"isPartOf\":{\"@id\":\"https:\\\/\\\/trta.org\\\/#website\"},\"primaryImageOfPage\":{\"@id\":\"https:\\\/\\\/trta.org\\\/trta-day-at-the-capitol-2023-is-here-how-you-can-help\\\/#primaryimage\"},\"image\":{\"@id\":\"https:\\\/\\\/trta.org\\\/trta-day-at-the-capitol-2023-is-here-how-you-can-help\\\/#primaryimage\"},\"thumbnailUrl\":\"https:\\\/\\\/trta.org\\\/wp-content\\\/uploads\\\/2020\\\/07\\\/Texas-Capitol-Low-Res-scaled-1.jpg\",\"datePublished\":\"2023-04-12T10:00:45+00:00\",\"breadcrumb\":{\"@id\":\"https:\\\/\\\/trta.org\\\/trta-day-at-the-capitol-2023-is-here-how-you-can-help\\\/#breadcrumb\"},\"inLanguage\":\"es\",\"potentialAction\":[{\"@type\":\"ReadAction\",\"target\":[\"https:\\\/\\\/trta.org\\\/trta-day-at-the-capitol-2023-is-here-how-you-can-help\\\/\"]}]},{\"@type\":\"ImageObject\",\"inLanguage\":\"es\",\"@id\":\"https:\\\/\\\/trta.org\\\/trta-day-at-the-capitol-2023-is-here-how-you-can-help\\\/#primaryimage\",\"url\":\"https:\\\/\\\/trta.org\\\/wp-content\\\/uploads\\\/2020\\\/07\\\/Texas-Capitol-Low-Res-scaled-1.jpg\",\"contentUrl\":\"https:\\\/\\\/trta.org\\\/wp-content\\\/uploads\\\/2020\\\/07\\\/Texas-Capitol-Low-Res-scaled-1.jpg\",\"width\":2560,\"height\":1753,\"caption\":\"Texas State Capitol Building in Austin. It is the tallest state capitol in the USA, and is built of \\\"sunset red\\\" Texas granite from Marble Falls.\"},{\"@type\":\"BreadcrumbList\",\"@id\":\"https:\\\/\\\/trta.org\\\/trta-day-at-the-capitol-2023-is-here-how-you-can-help\\\/#breadcrumb\",\"itemListElement\":[{\"@type\":\"ListItem\",\"position\":1,\"name\":\"Home\",\"item\":\"https:\\\/\\\/trta.org\\\/\"},{\"@type\":\"ListItem\",\"position\":2,\"name\":\"TRTA Day at the Capitol 2023 is Here! How You Can Help\"}]},{\"@type\":\"WebSite\",\"@id\":\"https:\\\/\\\/trta.org\\\/#website\",\"url\":\"https:\\\/\\\/trta.org\\\/\",\"name\":\"Texas Retired Teachers Association\",\"description\":\"\",\"publisher\":{\"@id\":\"https:\\\/\\\/trta.org\\\/#organization\"},\"potentialAction\":[{\"@type\":\"SearchAction\",\"target\":{\"@type\":\"EntryPoint\",\"urlTemplate\":\"https:\\\/\\\/trta.org\\\/?s={search_term_string}\"},\"query-input\":{\"@type\":\"PropertyValueSpecification\",\"valueRequired\":true,\"valueName\":\"search_term_string\"}}],\"inLanguage\":\"es\"},{\"@type\":\"Organization\",\"@id\":\"https:\\\/\\\/trta.org\\\/#organization\",\"name\":\"Texas Retired Teachers Association\",\"url\":\"https:\\\/\\\/trta.org\\\/\",\"logo\":{\"@type\":\"ImageObject\",\"inLanguage\":\"es\",\"@id\":\"https:\\\/\\\/trta.org\\\/#\\\/schema\\\/logo\\\/image\\\/\",\"url\":\"https:\\\/\\\/trta.org\\\/wp-content\\\/uploads\\\/2022\\\/12\\\/logo.png\",\"contentUrl\":\"https:\\\/\\\/trta.org\\\/wp-content\\\/uploads\\\/2022\\\/12\\\/logo.png\",\"width\":593,\"height\":183,\"caption\":\"Texas Retired Teachers Association\"},\"image\":{\"@id\":\"https:\\\/\\\/trta.org\\\/#\\\/schema\\\/logo\\\/image\\\/\"}},{\"@type\":\"Person\",\"@id\":\"https:\\\/\\\/trta.org\\\/#\\\/schema\\\/person\\\/5acd6b633d5ad936ca6c484e9925a6e4\",\"name\":\"rvarney\",\"image\":{\"@type\":\"ImageObject\",\"inLanguage\":\"es\",\"@id\":\"https:\\\/\\\/secure.gravatar.com\\\/avatar\\\/389463371978c05ec14fcfb597b19e685d96acfd7966b2a5d78bf3eee6a16451?s=96&d=mm&r=g\",\"url\":\"https:\\\/\\\/secure.gravatar.com\\\/avatar\\\/389463371978c05ec14fcfb597b19e685d96acfd7966b2a5d78bf3eee6a16451?s=96&d=mm&r=g\",\"contentUrl\":\"https:\\\/\\\/secure.gravatar.com\\\/avatar\\\/389463371978c05ec14fcfb597b19e685d96acfd7966b2a5d78bf3eee6a16451?s=96&d=mm&r=g\",\"caption\":\"rvarney\"},\"url\":\"https:\\\/\\\/trta.org\\\/es\\\/author\\\/rvarney\\\/\"}]}<\/script>\n<!-- \/ Yoast SEO plugin. -->","yoast_head_json":{"title":"TRTA Day at the Capitol 2023 is Here! How You Can Help - Texas Retired Teachers Association","robots":{"index":"index","follow":"follow","max-snippet":"max-snippet:-1","max-image-preview":"max-image-preview:large","max-video-preview":"max-video-preview:-1"},"canonical":"https:\/\/trta.org\/es\/trta-day-at-the-capitol-2023-is-here-how-you-can-help\/","og_locale":"es_ES","og_type":"article","og_title":"TRTA Day at the Capitol 2023 is Here! How You Can Help - Texas Retired Teachers Association","og_description":"The Texas Retired Teachers Association (TRTA) is ready for our exciting Day at the Capitol event today, April 12, 2023! TRTA expects more than 1,000 retired public educators to join us on the East Lawn to meet with legislators, advocate for a much-needed cost-of-living adjustment (COLA) and enjoy fellowship during an old-fashioned ice cream social! [&hellip;]","og_url":"https:\/\/trta.org\/es\/trta-day-at-the-capitol-2023-is-here-how-you-can-help\/","og_site_name":"Texas Retired Teachers Association","article_published_time":"2023-04-12T10:00:45+00:00","og_image":[{"width":2560,"height":1753,"url":"https:\/\/trta.org\/wp-content\/uploads\/2020\/07\/Texas-Capitol-Low-Res-scaled-1.jpg","type":"image\/jpeg"}],"author":"rvarney","twitter_card":"summary_large_image","twitter_misc":{"Escrito por":"rvarney","Tiempo de lectura":"3 minutos"},"schema":{"@context":"https:\/\/schema.org","@graph":[{"@type":"Article","@id":"https:\/\/trta.org\/trta-day-at-the-capitol-2023-is-here-how-you-can-help\/#article","isPartOf":{"@id":"https:\/\/trta.org\/trta-day-at-the-capitol-2023-is-here-how-you-can-help\/"},"author":{"name":"rvarney","@id":"https:\/\/trta.org\/#\/schema\/person\/5acd6b633d5ad936ca6c484e9925a6e4"},"headline":"TRTA Day at the Capitol 2023 is Here! How You Can Help","datePublished":"2023-04-12T10:00:45+00:00","mainEntityOfPage":{"@id":"https:\/\/trta.org\/trta-day-at-the-capitol-2023-is-here-how-you-can-help\/"},"wordCount":577,"publisher":{"@id":"https:\/\/trta.org\/#organization"},"image":{"@id":"https:\/\/trta.org\/trta-day-at-the-capitol-2023-is-here-how-you-can-help\/#primaryimage"},"thumbnailUrl":"https:\/\/trta.org\/wp-content\/uploads\/2020\/07\/Texas-Capitol-Low-Res-scaled-1.jpg","articleSection":["Featured"],"inLanguage":"es"},{"@type":"WebPage","@id":"https:\/\/trta.org\/trta-day-at-the-capitol-2023-is-here-how-you-can-help\/","url":"https:\/\/trta.org\/trta-day-at-the-capitol-2023-is-here-how-you-can-help\/","name":"TRTA Day at the Capitol 2023 is Here! How You Can Help - Texas Retired Teachers Association","isPartOf":{"@id":"https:\/\/trta.org\/#website"},"primaryImageOfPage":{"@id":"https:\/\/trta.org\/trta-day-at-the-capitol-2023-is-here-how-you-can-help\/#primaryimage"},"image":{"@id":"https:\/\/trta.org\/trta-day-at-the-capitol-2023-is-here-how-you-can-help\/#primaryimage"},"thumbnailUrl":"https:\/\/trta.org\/wp-content\/uploads\/2020\/07\/Texas-Capitol-Low-Res-scaled-1.jpg","datePublished":"2023-04-12T10:00:45+00:00","breadcrumb":{"@id":"https:\/\/trta.org\/trta-day-at-the-capitol-2023-is-here-how-you-can-help\/#breadcrumb"},"inLanguage":"es","potentialAction":[{"@type":"ReadAction","target":["https:\/\/trta.org\/trta-day-at-the-capitol-2023-is-here-how-you-can-help\/"]}]},{"@type":"ImageObject","inLanguage":"es","@id":"https:\/\/trta.org\/trta-day-at-the-capitol-2023-is-here-how-you-can-help\/#primaryimage","url":"https:\/\/trta.org\/wp-content\/uploads\/2020\/07\/Texas-Capitol-Low-Res-scaled-1.jpg","contentUrl":"https:\/\/trta.org\/wp-content\/uploads\/2020\/07\/Texas-Capitol-Low-Res-scaled-1.jpg","width":2560,"height":1753,"caption":"Texas State Capitol Building in Austin. It is the tallest state capitol in the USA, and is built of \"sunset red\" Texas granite from Marble Falls."},{"@type":"BreadcrumbList","@id":"https:\/\/trta.org\/trta-day-at-the-capitol-2023-is-here-how-you-can-help\/#breadcrumb","itemListElement":[{"@type":"ListItem","position":1,"name":"Home","item":"https:\/\/trta.org\/"},{"@type":"ListItem","position":2,"name":"TRTA Day at the Capitol 2023 is Here! How You Can Help"}]},{"@type":"WebSite","@id":"https:\/\/trta.org\/#website","url":"https:\/\/trta.org\/","name":"Asociaci\u00f3n de Maestros Jubilados de Texas","description":"","publisher":{"@id":"https:\/\/trta.org\/#organization"},"potentialAction":[{"@type":"SearchAction","target":{"@type":"EntryPoint","urlTemplate":"https:\/\/trta.org\/?s={search_term_string}"},"query-input":{"@type":"PropertyValueSpecification","valueRequired":true,"valueName":"search_term_string"}}],"inLanguage":"es"},{"@type":"Organization","@id":"https:\/\/trta.org\/#organization","name":"Asociaci\u00f3n de Maestros Jubilados de Texas","url":"https:\/\/trta.org\/","logo":{"@type":"ImageObject","inLanguage":"es","@id":"https:\/\/trta.org\/#\/schema\/logo\/image\/","url":"https:\/\/trta.org\/wp-content\/uploads\/2022\/12\/logo.png","contentUrl":"https:\/\/trta.org\/wp-content\/uploads\/2022\/12\/logo.png","width":593,"height":183,"caption":"Texas Retired Teachers Association"},"image":{"@id":"https:\/\/trta.org\/#\/schema\/logo\/image\/"}},{"@type":"Person","@id":"https:\/\/trta.org\/#\/schema\/person\/5acd6b633d5ad936ca6c484e9925a6e4","name":"rvarney","image":{"@type":"ImageObject","inLanguage":"es","@id":"https:\/\/secure.gravatar.com\/avatar\/389463371978c05ec14fcfb597b19e685d96acfd7966b2a5d78bf3eee6a16451?s=96&d=mm&r=g","url":"https:\/\/secure.gravatar.com\/avatar\/389463371978c05ec14fcfb597b19e685d96acfd7966b2a5d78bf3eee6a16451?s=96&d=mm&r=g","contentUrl":"https:\/\/secure.gravatar.com\/avatar\/389463371978c05ec14fcfb597b19e685d96acfd7966b2a5d78bf3eee6a16451?s=96&d=mm&r=g","caption":"rvarney"},"url":"https:\/\/trta.org\/es\/author\/rvarney\/"}]}},"_links":{"self":[{"href":"https:\/\/trta.org\/es\/wp-json\/wp\/v2\/posts\/64713","targetHints":{"allow":["GET"]}}],"collection":[{"href":"https:\/\/trta.org\/es\/wp-json\/wp\/v2\/posts"}],"about":[{"href":"https:\/\/trta.org\/es\/wp-json\/wp\/v2\/types\/post"}],"author":[{"embeddable":true,"href":"https:\/\/trta.org\/es\/wp-json\/wp\/v2\/users\/3"}],"replies":[{"embeddable":true,"href":"https:\/\/trta.org\/es\/wp-json\/wp\/v2\/comments?post=64713"}],"version-history":[{"count":0,"href":"https:\/\/trta.org\/es\/wp-json\/wp\/v2\/posts\/64713\/revisions"}],"wp:featuredmedia":[{"embeddable":true,"href":"https:\/\/trta.org\/es\/wp-json\/wp\/v2\/media\/58405"}],"wp:attachment":[{"href":"https:\/\/trta.org\/es\/wp-json\/wp\/v2\/media?parent=64713"}],"wp:term":[{"taxonomy":"category","embeddable":true,"href":"https:\/\/trta.org\/es\/wp-json\/wp\/v2\/categories?post=64713"},{"taxonomy":"post_tag","embeddable":true,"href":"https:\/\/trta.org\/es\/wp-json\/wp\/v2\/tags?post=64713"}],"curies":[{"name":"wp","href":"https:\/\/api.w.org\/{rel}","templated":true}]}}