{"id":64779,"date":"2023-05-05T13:54:39","date_gmt":"2023-05-05T18:54:39","guid":{"rendered":"https:\/\/trta.org\/?p=64779"},"modified":"2023-05-05T13:54:39","modified_gmt":"2023-05-05T18:54:39","slug":"house-appoints-conferees-for-sb-10","status":"publish","type":"post","link":"https:\/\/trta.org\/es\/house-appoints-conferees-for-sb-10\/","title":{"rendered":"C\u00e1mara nombra conferenciantes para SB 10"},"content":{"rendered":"<p>La C\u00e1mara de Representantes de Texas ha designado conferenciantes para <a href=\"https:\/\/capitol.texas.gov\/BillLookup\/History.aspx?LegSess=88R&amp;Bill=SB10\" data-cke-saved-href=\"https:\/\/capitol.texas.gov\/BillLookup\/History.aspx?LegSess=88R&amp;Bill=SB10\">Proyecto de ley del Senado 10<\/a>, el proyecto de ley que actualmente est\u00e1 siendo considerado por la Legislatura para proporcionar a los jubilados elegibles del Sistema de Jubilaci\u00f3n de Maestros de Texas (TRS) un ajuste por costo de vida (COLA) y un pago suplementario.<\/p>\n<p>Los siguientes Representantes formar\u00e1n parte de este comit\u00e9 de conferencia, <a href=\"https:\/\/trta.org\/es\/senate-appoints-conferees-for-sb-10\/\" target=\"_blank\" rel=\"noopener\" data-cke-saved-href=\"https:\/\/trta.org\/senate-appoints-conferees-for-sb-10\/\">junto con los conferenciantes del Senado<\/a>, para negociar las diferencias entre la versi\u00f3n original de la SB 10 aprobada en el Senado y la versi\u00f3n enmendada de la SB 10 aprobada por la C\u00e1mara: los representantes Greg Bonnen (presidente), Giovanni Capriglione, Barbara Gervin-Hawkins, Oscar Longoria y Gary VanDeaver.<\/p>\n<p>Como ha informado la TRTA en otros <em>L\u00ednea interior<\/em> art\u00edculos, todav\u00eda quedan muchos pasos por tomar para aprobar un proyecto de ley para los jubilados de TRS.<\/p>\n<p>A poco menos de un mes de la sesi\u00f3n legislativa que finaliza el 29 de mayo, es posible que las cosas a\u00fan cambien en el lenguaje del proyecto de ley. Esperamos llegar hasta el final de la sesi\u00f3n antes de que se apruebe una versi\u00f3n final del proyecto de ley y antes de que sepamos con absoluta certeza qu\u00e9 porcentaje de COLA y qu\u00e9 cantidad de pago suplementario se puede incluir.<\/p>\n<p>Click aqu\u00ed para\u00a0<a href=\"https:\/\/www.votervoice.net\/TRTA\/Campaigns\/104771\/Respond\" target=\"_blank\" rel=\"noopener\" data-cke-saved-href=\"https:\/\/www.votervoice.net\/TRTA\/Campaigns\/104771\/Respond\">env\u00eda un agradecimiento a tus legisladores<\/a> por hacer de los jubilados de TRS una prioridad en esta sesi\u00f3n y ayudarnos a alentarlos a medida que comienzan el impulso final para brindar el alivio financiero que tanto necesitan a nuestros dedicados educadores p\u00fablicos jubilados.<\/p>\n<h2 class=\"null\"><strong>\u00a1Gracias!<\/strong><\/h2>\n<p>Gracias por ser miembro de TRTA y apoyar los problemas que afectan al personal jubilado de las escuelas p\u00fablicas de Texas.<\/p>\n<p>\u00a1TRTA es el \u00fanico grupo que se enfoca \u00fanicamente en su seguridad de jubilaci\u00f3n TRS!\u00a0<a href=\"https:\/\/trta.org\/es\/join-trta\/\" target=\"_blank\" rel=\"noopener\" data-cke-saved-href=\"https:\/\/trta.org\/join-trta\/\">\u00danase a nosotros hoy<\/a>!<\/p>","protected":false},"excerpt":{"rendered":"<p>The Texas House has appointed conferees for Senate Bill 10, the bill that is currently under consideration by the Legislature to provide eligible Teacher Retirement System of Texas (TRS) retirees with a cost-of-living adjustment (COLA) and supplemental payment. The following Representatives will serve on this conference committee, along with the Senate conferees, to negotiate the [&hellip;]<\/p>\n","protected":false},"author":3,"featured_media":44221,"comment_status":"closed","ping_status":"closed","sticky":false,"template":"","format":"standard","meta":{"_acf_changed":false,"footnotes":""},"categories":[1],"tags":[],"class_list":["post-64779","post","type-post","status-publish","format-standard","has-post-thumbnail","hentry","category-uncategorized"],"acf":[],"yoast_head":"<!-- This site is optimized with the Yoast SEO plugin v27.5 - https:\/\/yoast.com\/product\/yoast-seo-wordpress\/ -->\n<title>House Appoints Conferees for SB 10 - Texas Retired Teachers Association<\/title>\n<meta name=\"robots\" content=\"index, follow, max-snippet:-1, max-image-preview:large, max-video-preview:-1\" \/>\n<link rel=\"canonical\" href=\"https:\/\/trta.org\/es\/house-appoints-conferees-for-sb-10\/\" \/>\n<meta property=\"og:locale\" content=\"es_ES\" \/>\n<meta property=\"og:type\" content=\"article\" \/>\n<meta property=\"og:title\" content=\"House Appoints Conferees for SB 10 - Texas Retired Teachers Association\" \/>\n<meta property=\"og:description\" content=\"The Texas House has appointed conferees for Senate Bill 10, the bill that is currently under consideration by the Legislature to provide eligible Teacher Retirement System of Texas (TRS) retirees with a cost-of-living adjustment (COLA) and supplemental payment. The following Representatives will serve on this conference committee, along with the Senate conferees, to negotiate the [&hellip;]\" \/>\n<meta property=\"og:url\" content=\"https:\/\/trta.org\/es\/house-appoints-conferees-for-sb-10\/\" \/>\n<meta property=\"og:site_name\" content=\"Texas Retired Teachers Association\" \/>\n<meta property=\"article:published_time\" content=\"2023-05-05T18:54:39+00:00\" \/>\n<meta property=\"og:image\" content=\"https:\/\/trta.org\/wp-content\/uploads\/2019\/04\/1600px-Texas_State_Capitol_House_chamber-1.jpg\" \/>\n\t<meta property=\"og:image:width\" content=\"1600\" \/>\n\t<meta property=\"og:image:height\" content=\"1047\" \/>\n\t<meta property=\"og:image:type\" content=\"image\/jpeg\" \/>\n<meta name=\"author\" content=\"rvarney\" \/>\n<meta name=\"twitter:card\" content=\"summary_large_image\" \/>\n<meta name=\"twitter:label1\" content=\"Escrito por\" \/>\n\t<meta name=\"twitter:data1\" content=\"rvarney\" \/>\n\t<meta name=\"twitter:label2\" content=\"Tiempo de lectura\" \/>\n\t<meta name=\"twitter:data2\" content=\"2 minutos\" \/>\n<script type=\"application\/ld+json\" class=\"yoast-schema-graph\">{\"@context\":\"https:\\\/\\\/schema.org\",\"@graph\":[{\"@type\":\"Article\",\"@id\":\"https:\\\/\\\/trta.org\\\/house-appoints-conferees-for-sb-10\\\/#article\",\"isPartOf\":{\"@id\":\"https:\\\/\\\/trta.org\\\/house-appoints-conferees-for-sb-10\\\/\"},\"author\":{\"name\":\"rvarney\",\"@id\":\"https:\\\/\\\/trta.org\\\/#\\\/schema\\\/person\\\/5acd6b633d5ad936ca6c484e9925a6e4\"},\"headline\":\"House Appoints Conferees for SB 10\",\"datePublished\":\"2023-05-05T18:54:39+00:00\",\"mainEntityOfPage\":{\"@id\":\"https:\\\/\\\/trta.org\\\/house-appoints-conferees-for-sb-10\\\/\"},\"wordCount\":255,\"publisher\":{\"@id\":\"https:\\\/\\\/trta.org\\\/#organization\"},\"image\":{\"@id\":\"https:\\\/\\\/trta.org\\\/house-appoints-conferees-for-sb-10\\\/#primaryimage\"},\"thumbnailUrl\":\"https:\\\/\\\/trta.org\\\/wp-content\\\/uploads\\\/2019\\\/04\\\/1600px-Texas_State_Capitol_House_chamber-1.jpg\",\"articleSection\":[\"Uncategorized\"],\"inLanguage\":\"es\"},{\"@type\":\"WebPage\",\"@id\":\"https:\\\/\\\/trta.org\\\/house-appoints-conferees-for-sb-10\\\/\",\"url\":\"https:\\\/\\\/trta.org\\\/house-appoints-conferees-for-sb-10\\\/\",\"name\":\"House Appoints Conferees for SB 10 - Texas Retired Teachers Association\",\"isPartOf\":{\"@id\":\"https:\\\/\\\/trta.org\\\/#website\"},\"primaryImageOfPage\":{\"@id\":\"https:\\\/\\\/trta.org\\\/house-appoints-conferees-for-sb-10\\\/#primaryimage\"},\"image\":{\"@id\":\"https:\\\/\\\/trta.org\\\/house-appoints-conferees-for-sb-10\\\/#primaryimage\"},\"thumbnailUrl\":\"https:\\\/\\\/trta.org\\\/wp-content\\\/uploads\\\/2019\\\/04\\\/1600px-Texas_State_Capitol_House_chamber-1.jpg\",\"datePublished\":\"2023-05-05T18:54:39+00:00\",\"breadcrumb\":{\"@id\":\"https:\\\/\\\/trta.org\\\/house-appoints-conferees-for-sb-10\\\/#breadcrumb\"},\"inLanguage\":\"es\",\"potentialAction\":[{\"@type\":\"ReadAction\",\"target\":[\"https:\\\/\\\/trta.org\\\/house-appoints-conferees-for-sb-10\\\/\"]}]},{\"@type\":\"ImageObject\",\"inLanguage\":\"es\",\"@id\":\"https:\\\/\\\/trta.org\\\/house-appoints-conferees-for-sb-10\\\/#primaryimage\",\"url\":\"https:\\\/\\\/trta.org\\\/wp-content\\\/uploads\\\/2019\\\/04\\\/1600px-Texas_State_Capitol_House_chamber-1.jpg\",\"contentUrl\":\"https:\\\/\\\/trta.org\\\/wp-content\\\/uploads\\\/2019\\\/04\\\/1600px-Texas_State_Capitol_House_chamber-1.jpg\",\"width\":1600,\"height\":1047},{\"@type\":\"BreadcrumbList\",\"@id\":\"https:\\\/\\\/trta.org\\\/house-appoints-conferees-for-sb-10\\\/#breadcrumb\",\"itemListElement\":[{\"@type\":\"ListItem\",\"position\":1,\"name\":\"Home\",\"item\":\"https:\\\/\\\/trta.org\\\/\"},{\"@type\":\"ListItem\",\"position\":2,\"name\":\"House Appoints Conferees for SB 10\"}]},{\"@type\":\"WebSite\",\"@id\":\"https:\\\/\\\/trta.org\\\/#website\",\"url\":\"https:\\\/\\\/trta.org\\\/\",\"name\":\"Texas Retired Teachers Association\",\"description\":\"\",\"publisher\":{\"@id\":\"https:\\\/\\\/trta.org\\\/#organization\"},\"potentialAction\":[{\"@type\":\"SearchAction\",\"target\":{\"@type\":\"EntryPoint\",\"urlTemplate\":\"https:\\\/\\\/trta.org\\\/?s={search_term_string}\"},\"query-input\":{\"@type\":\"PropertyValueSpecification\",\"valueRequired\":true,\"valueName\":\"search_term_string\"}}],\"inLanguage\":\"es\"},{\"@type\":\"Organization\",\"@id\":\"https:\\\/\\\/trta.org\\\/#organization\",\"name\":\"Texas Retired Teachers Association\",\"url\":\"https:\\\/\\\/trta.org\\\/\",\"logo\":{\"@type\":\"ImageObject\",\"inLanguage\":\"es\",\"@id\":\"https:\\\/\\\/trta.org\\\/#\\\/schema\\\/logo\\\/image\\\/\",\"url\":\"https:\\\/\\\/trta.org\\\/wp-content\\\/uploads\\\/2022\\\/12\\\/logo.png\",\"contentUrl\":\"https:\\\/\\\/trta.org\\\/wp-content\\\/uploads\\\/2022\\\/12\\\/logo.png\",\"width\":593,\"height\":183,\"caption\":\"Texas Retired Teachers Association\"},\"image\":{\"@id\":\"https:\\\/\\\/trta.org\\\/#\\\/schema\\\/logo\\\/image\\\/\"}},{\"@type\":\"Person\",\"@id\":\"https:\\\/\\\/trta.org\\\/#\\\/schema\\\/person\\\/5acd6b633d5ad936ca6c484e9925a6e4\",\"name\":\"rvarney\",\"image\":{\"@type\":\"ImageObject\",\"inLanguage\":\"es\",\"@id\":\"https:\\\/\\\/secure.gravatar.com\\\/avatar\\\/389463371978c05ec14fcfb597b19e685d96acfd7966b2a5d78bf3eee6a16451?s=96&d=mm&r=g\",\"url\":\"https:\\\/\\\/secure.gravatar.com\\\/avatar\\\/389463371978c05ec14fcfb597b19e685d96acfd7966b2a5d78bf3eee6a16451?s=96&d=mm&r=g\",\"contentUrl\":\"https:\\\/\\\/secure.gravatar.com\\\/avatar\\\/389463371978c05ec14fcfb597b19e685d96acfd7966b2a5d78bf3eee6a16451?s=96&d=mm&r=g\",\"caption\":\"rvarney\"},\"url\":\"https:\\\/\\\/trta.org\\\/es\\\/author\\\/rvarney\\\/\"}]}<\/script>\n<!-- \/ Yoast SEO plugin. -->","yoast_head_json":{"title":"House Appoints Conferees for SB 10 - Texas Retired Teachers Association","robots":{"index":"index","follow":"follow","max-snippet":"max-snippet:-1","max-image-preview":"max-image-preview:large","max-video-preview":"max-video-preview:-1"},"canonical":"https:\/\/trta.org\/es\/house-appoints-conferees-for-sb-10\/","og_locale":"es_ES","og_type":"article","og_title":"House Appoints Conferees for SB 10 - Texas Retired Teachers Association","og_description":"The Texas House has appointed conferees for Senate Bill 10, the bill that is currently under consideration by the Legislature to provide eligible Teacher Retirement System of Texas (TRS) retirees with a cost-of-living adjustment (COLA) and supplemental payment. The following Representatives will serve on this conference committee, along with the Senate conferees, to negotiate the [&hellip;]","og_url":"https:\/\/trta.org\/es\/house-appoints-conferees-for-sb-10\/","og_site_name":"Texas Retired Teachers Association","article_published_time":"2023-05-05T18:54:39+00:00","og_image":[{"width":1600,"height":1047,"url":"https:\/\/trta.org\/wp-content\/uploads\/2019\/04\/1600px-Texas_State_Capitol_House_chamber-1.jpg","type":"image\/jpeg"}],"author":"rvarney","twitter_card":"summary_large_image","twitter_misc":{"Escrito por":"rvarney","Tiempo de lectura":"2 minutos"},"schema":{"@context":"https:\/\/schema.org","@graph":[{"@type":"Article","@id":"https:\/\/trta.org\/house-appoints-conferees-for-sb-10\/#article","isPartOf":{"@id":"https:\/\/trta.org\/house-appoints-conferees-for-sb-10\/"},"author":{"name":"rvarney","@id":"https:\/\/trta.org\/#\/schema\/person\/5acd6b633d5ad936ca6c484e9925a6e4"},"headline":"House Appoints Conferees for SB 10","datePublished":"2023-05-05T18:54:39+00:00","mainEntityOfPage":{"@id":"https:\/\/trta.org\/house-appoints-conferees-for-sb-10\/"},"wordCount":255,"publisher":{"@id":"https:\/\/trta.org\/#organization"},"image":{"@id":"https:\/\/trta.org\/house-appoints-conferees-for-sb-10\/#primaryimage"},"thumbnailUrl":"https:\/\/trta.org\/wp-content\/uploads\/2019\/04\/1600px-Texas_State_Capitol_House_chamber-1.jpg","articleSection":["Uncategorized"],"inLanguage":"es"},{"@type":"WebPage","@id":"https:\/\/trta.org\/house-appoints-conferees-for-sb-10\/","url":"https:\/\/trta.org\/house-appoints-conferees-for-sb-10\/","name":"House Appoints Conferees for SB 10 - Texas Retired Teachers Association","isPartOf":{"@id":"https:\/\/trta.org\/#website"},"primaryImageOfPage":{"@id":"https:\/\/trta.org\/house-appoints-conferees-for-sb-10\/#primaryimage"},"image":{"@id":"https:\/\/trta.org\/house-appoints-conferees-for-sb-10\/#primaryimage"},"thumbnailUrl":"https:\/\/trta.org\/wp-content\/uploads\/2019\/04\/1600px-Texas_State_Capitol_House_chamber-1.jpg","datePublished":"2023-05-05T18:54:39+00:00","breadcrumb":{"@id":"https:\/\/trta.org\/house-appoints-conferees-for-sb-10\/#breadcrumb"},"inLanguage":"es","potentialAction":[{"@type":"ReadAction","target":["https:\/\/trta.org\/house-appoints-conferees-for-sb-10\/"]}]},{"@type":"ImageObject","inLanguage":"es","@id":"https:\/\/trta.org\/house-appoints-conferees-for-sb-10\/#primaryimage","url":"https:\/\/trta.org\/wp-content\/uploads\/2019\/04\/1600px-Texas_State_Capitol_House_chamber-1.jpg","contentUrl":"https:\/\/trta.org\/wp-content\/uploads\/2019\/04\/1600px-Texas_State_Capitol_House_chamber-1.jpg","width":1600,"height":1047},{"@type":"BreadcrumbList","@id":"https:\/\/trta.org\/house-appoints-conferees-for-sb-10\/#breadcrumb","itemListElement":[{"@type":"ListItem","position":1,"name":"Home","item":"https:\/\/trta.org\/"},{"@type":"ListItem","position":2,"name":"House Appoints Conferees for SB 10"}]},{"@type":"WebSite","@id":"https:\/\/trta.org\/#website","url":"https:\/\/trta.org\/","name":"Asociaci\u00f3n de Maestros Jubilados de Texas","description":"","publisher":{"@id":"https:\/\/trta.org\/#organization"},"potentialAction":[{"@type":"SearchAction","target":{"@type":"EntryPoint","urlTemplate":"https:\/\/trta.org\/?s={search_term_string}"},"query-input":{"@type":"PropertyValueSpecification","valueRequired":true,"valueName":"search_term_string"}}],"inLanguage":"es"},{"@type":"Organization","@id":"https:\/\/trta.org\/#organization","name":"Asociaci\u00f3n de Maestros Jubilados de Texas","url":"https:\/\/trta.org\/","logo":{"@type":"ImageObject","inLanguage":"es","@id":"https:\/\/trta.org\/#\/schema\/logo\/image\/","url":"https:\/\/trta.org\/wp-content\/uploads\/2022\/12\/logo.png","contentUrl":"https:\/\/trta.org\/wp-content\/uploads\/2022\/12\/logo.png","width":593,"height":183,"caption":"Texas Retired Teachers Association"},"image":{"@id":"https:\/\/trta.org\/#\/schema\/logo\/image\/"}},{"@type":"Person","@id":"https:\/\/trta.org\/#\/schema\/person\/5acd6b633d5ad936ca6c484e9925a6e4","name":"rvarney","image":{"@type":"ImageObject","inLanguage":"es","@id":"https:\/\/secure.gravatar.com\/avatar\/389463371978c05ec14fcfb597b19e685d96acfd7966b2a5d78bf3eee6a16451?s=96&d=mm&r=g","url":"https:\/\/secure.gravatar.com\/avatar\/389463371978c05ec14fcfb597b19e685d96acfd7966b2a5d78bf3eee6a16451?s=96&d=mm&r=g","contentUrl":"https:\/\/secure.gravatar.com\/avatar\/389463371978c05ec14fcfb597b19e685d96acfd7966b2a5d78bf3eee6a16451?s=96&d=mm&r=g","caption":"rvarney"},"url":"https:\/\/trta.org\/es\/author\/rvarney\/"}]}},"_links":{"self":[{"href":"https:\/\/trta.org\/es\/wp-json\/wp\/v2\/posts\/64779","targetHints":{"allow":["GET"]}}],"collection":[{"href":"https:\/\/trta.org\/es\/wp-json\/wp\/v2\/posts"}],"about":[{"href":"https:\/\/trta.org\/es\/wp-json\/wp\/v2\/types\/post"}],"author":[{"embeddable":true,"href":"https:\/\/trta.org\/es\/wp-json\/wp\/v2\/users\/3"}],"replies":[{"embeddable":true,"href":"https:\/\/trta.org\/es\/wp-json\/wp\/v2\/comments?post=64779"}],"version-history":[{"count":0,"href":"https:\/\/trta.org\/es\/wp-json\/wp\/v2\/posts\/64779\/revisions"}],"wp:featuredmedia":[{"embeddable":true,"href":"https:\/\/trta.org\/es\/wp-json\/wp\/v2\/media\/44221"}],"wp:attachment":[{"href":"https:\/\/trta.org\/es\/wp-json\/wp\/v2\/media?parent=64779"}],"wp:term":[{"taxonomy":"category","embeddable":true,"href":"https:\/\/trta.org\/es\/wp-json\/wp\/v2\/categories?post=64779"},{"taxonomy":"post_tag","embeddable":true,"href":"https:\/\/trta.org\/es\/wp-json\/wp\/v2\/tags?post=64779"}],"curies":[{"name":"wp","href":"https:\/\/api.w.org\/{rel}","templated":true}]}}