{"id":64800,"date":"2023-05-11T09:31:58","date_gmt":"2023-05-11T14:31:58","guid":{"rendered":"https:\/\/trta.org\/?p=64800"},"modified":"2023-05-11T09:31:58","modified_gmt":"2023-05-11T14:31:58","slug":"reminder-tim-lee-live-on-facebook-and-youtube-today-at-4-p-m-central-2","status":"publish","type":"post","link":"https:\/\/trta.org\/es\/reminder-tim-lee-live-on-facebook-and-youtube-today-at-4-p-m-central-2\/","title":{"rendered":"Recordatorio: Tim Lee en vivo en Facebook y YouTube hoy a las 4 p. m., hora central"},"content":{"rendered":"<p>Tim Lee, el Director Ejecutivo de la Asociaci\u00f3n de Maestros Jubilados de Texas (TRTA), estar\u00e1 en vivo en\u00a0<a href=\"https:\/\/www.facebook.com\/TexasRetiredTeachers\" data-cke-saved-href=\"https:\/\/www.facebook.com\/TexasRetiredTeachers\">Facebook<\/a>\u00a0y\u00a0<a href=\"https:\/\/www.youtube.com\/thetrtatv\/live\" target=\"_blank\" rel=\"noopener\" data-cke-saved-href=\"https:\/\/www.youtube.com\/thetrtatv\/live\">YouTube<\/a>\u00a0hoy, 11 de mayo, a las 4 pm Centro.<\/p>\n<p>Lee proporcionar\u00e1 una actualizaci\u00f3n del Capitolio sobre el ajuste por costo de vida (COLA) por el que luchan los jubilados.<\/p>\n<p>Aseg\u00farese de sintonizar los jueves a las 4 pm mientras Tim Lee transmite en vivo una variedad de temas relacionados con la sesi\u00f3n legislativa de Texas.<\/p>\n<p>Gracias por ser miembro de TRTA y apoyar los problemas que afectan al personal jubilado de las escuelas p\u00fablicas de Texas.<\/p>\n<p>\u00a1TRTA es el \u00fanico grupo que se enfoca \u00fanicamente en su seguridad de jubilaci\u00f3n TRS!\u00a0<a href=\"https:\/\/trta.org\/es\/join-trta\/\" target=\"_blank\" rel=\"noopener\" data-cke-saved-href=\"https:\/\/trta.org\/join-trta\/\">\u00danase a nosotros hoy<\/a>!<\/p>","protected":false},"excerpt":{"rendered":"<p>Tim Lee, the Texas Retired Teachers Association\u2019s (TRTA) Executive Director, will be live on\u00a0Facebook\u00a0and\u00a0YouTube\u00a0today, May 11, at 4 p.m. Central. Lee will provide a Capitol update on the cost-of-living adjustment (COLA) retirees are fighting for. Be sure to tune in on Thursdays at 4 p.m. as Tim Lee goes live with a variety and topics [&hellip;]<\/p>\n","protected":false},"author":3,"featured_media":42631,"comment_status":"closed","ping_status":"closed","sticky":false,"template":"","format":"standard","meta":{"_acf_changed":false,"footnotes":""},"categories":[1],"tags":[],"class_list":["post-64800","post","type-post","status-publish","format-standard","has-post-thumbnail","hentry","category-uncategorized"],"acf":[],"yoast_head":"<!-- This site is optimized with the Yoast SEO plugin v27.4 - https:\/\/yoast.com\/product\/yoast-seo-wordpress\/ -->\n<title>Reminder: Tim Lee Live on Facebook and YouTube Today at 4 P.M. Central - Texas Retired Teachers Association<\/title>\n<meta name=\"robots\" content=\"index, follow, max-snippet:-1, max-image-preview:large, max-video-preview:-1\" \/>\n<link rel=\"canonical\" href=\"https:\/\/trta.org\/es\/reminder-tim-lee-live-on-facebook-and-youtube-today-at-4-p-m-central-2\/\" \/>\n<meta property=\"og:locale\" content=\"es_ES\" \/>\n<meta property=\"og:type\" content=\"article\" \/>\n<meta property=\"og:title\" content=\"Reminder: Tim Lee Live on Facebook and YouTube Today at 4 P.M. Central - Texas Retired Teachers Association\" \/>\n<meta property=\"og:description\" content=\"Tim Lee, the Texas Retired Teachers Association\u2019s (TRTA) Executive Director, will be live on\u00a0Facebook\u00a0and\u00a0YouTube\u00a0today, May 11, at 4 p.m. Central. Lee will provide a Capitol update on the cost-of-living adjustment (COLA) retirees are fighting for. Be sure to tune in on Thursdays at 4 p.m. as Tim Lee goes live with a variety and topics [&hellip;]\" \/>\n<meta property=\"og:url\" content=\"https:\/\/trta.org\/es\/reminder-tim-lee-live-on-facebook-and-youtube-today-at-4-p-m-central-2\/\" \/>\n<meta property=\"og:site_name\" content=\"Texas Retired Teachers Association\" \/>\n<meta property=\"article:published_time\" content=\"2023-05-11T14:31:58+00:00\" \/>\n<meta property=\"og:image\" content=\"https:\/\/trta.org\/wp-content\/uploads\/2019\/03\/texas-capitol-daytime-1.jpg\" \/>\n\t<meta property=\"og:image:width\" content=\"800\" \/>\n\t<meta property=\"og:image:height\" content=\"535\" \/>\n\t<meta property=\"og:image:type\" content=\"image\/jpeg\" \/>\n<meta name=\"author\" content=\"rvarney\" \/>\n<meta name=\"twitter:card\" content=\"summary_large_image\" \/>\n<meta name=\"twitter:label1\" content=\"Escrito por\" \/>\n\t<meta name=\"twitter:data1\" content=\"rvarney\" \/>\n\t<meta name=\"twitter:label2\" content=\"Tiempo de lectura\" \/>\n\t<meta name=\"twitter:data2\" content=\"1 minuto\" \/>\n<script type=\"application\/ld+json\" class=\"yoast-schema-graph\">{\"@context\":\"https:\\\/\\\/schema.org\",\"@graph\":[{\"@type\":\"Article\",\"@id\":\"https:\\\/\\\/trta.org\\\/reminder-tim-lee-live-on-facebook-and-youtube-today-at-4-p-m-central-2\\\/#article\",\"isPartOf\":{\"@id\":\"https:\\\/\\\/trta.org\\\/reminder-tim-lee-live-on-facebook-and-youtube-today-at-4-p-m-central-2\\\/\"},\"author\":{\"name\":\"rvarney\",\"@id\":\"https:\\\/\\\/trta.org\\\/#\\\/schema\\\/person\\\/5acd6b633d5ad936ca6c484e9925a6e4\"},\"headline\":\"Reminder: Tim Lee Live on Facebook and YouTube Today at 4 P.M. Central\",\"datePublished\":\"2023-05-11T14:31:58+00:00\",\"mainEntityOfPage\":{\"@id\":\"https:\\\/\\\/trta.org\\\/reminder-tim-lee-live-on-facebook-and-youtube-today-at-4-p-m-central-2\\\/\"},\"wordCount\":113,\"publisher\":{\"@id\":\"https:\\\/\\\/trta.org\\\/#organization\"},\"image\":{\"@id\":\"https:\\\/\\\/trta.org\\\/reminder-tim-lee-live-on-facebook-and-youtube-today-at-4-p-m-central-2\\\/#primaryimage\"},\"thumbnailUrl\":\"https:\\\/\\\/trta.org\\\/wp-content\\\/uploads\\\/2019\\\/03\\\/texas-capitol-daytime-1.jpg\",\"articleSection\":[\"Uncategorized\"],\"inLanguage\":\"es\"},{\"@type\":\"WebPage\",\"@id\":\"https:\\\/\\\/trta.org\\\/reminder-tim-lee-live-on-facebook-and-youtube-today-at-4-p-m-central-2\\\/\",\"url\":\"https:\\\/\\\/trta.org\\\/reminder-tim-lee-live-on-facebook-and-youtube-today-at-4-p-m-central-2\\\/\",\"name\":\"Reminder: Tim Lee Live on Facebook and YouTube Today at 4 P.M. Central - Texas Retired Teachers Association\",\"isPartOf\":{\"@id\":\"https:\\\/\\\/trta.org\\\/#website\"},\"primaryImageOfPage\":{\"@id\":\"https:\\\/\\\/trta.org\\\/reminder-tim-lee-live-on-facebook-and-youtube-today-at-4-p-m-central-2\\\/#primaryimage\"},\"image\":{\"@id\":\"https:\\\/\\\/trta.org\\\/reminder-tim-lee-live-on-facebook-and-youtube-today-at-4-p-m-central-2\\\/#primaryimage\"},\"thumbnailUrl\":\"https:\\\/\\\/trta.org\\\/wp-content\\\/uploads\\\/2019\\\/03\\\/texas-capitol-daytime-1.jpg\",\"datePublished\":\"2023-05-11T14:31:58+00:00\",\"breadcrumb\":{\"@id\":\"https:\\\/\\\/trta.org\\\/reminder-tim-lee-live-on-facebook-and-youtube-today-at-4-p-m-central-2\\\/#breadcrumb\"},\"inLanguage\":\"es\",\"potentialAction\":[{\"@type\":\"ReadAction\",\"target\":[\"https:\\\/\\\/trta.org\\\/reminder-tim-lee-live-on-facebook-and-youtube-today-at-4-p-m-central-2\\\/\"]}]},{\"@type\":\"ImageObject\",\"inLanguage\":\"es\",\"@id\":\"https:\\\/\\\/trta.org\\\/reminder-tim-lee-live-on-facebook-and-youtube-today-at-4-p-m-central-2\\\/#primaryimage\",\"url\":\"https:\\\/\\\/trta.org\\\/wp-content\\\/uploads\\\/2019\\\/03\\\/texas-capitol-daytime-1.jpg\",\"contentUrl\":\"https:\\\/\\\/trta.org\\\/wp-content\\\/uploads\\\/2019\\\/03\\\/texas-capitol-daytime-1.jpg\",\"width\":800,\"height\":535},{\"@type\":\"BreadcrumbList\",\"@id\":\"https:\\\/\\\/trta.org\\\/reminder-tim-lee-live-on-facebook-and-youtube-today-at-4-p-m-central-2\\\/#breadcrumb\",\"itemListElement\":[{\"@type\":\"ListItem\",\"position\":1,\"name\":\"Home\",\"item\":\"https:\\\/\\\/trta.org\\\/\"},{\"@type\":\"ListItem\",\"position\":2,\"name\":\"Reminder: Tim Lee Live on Facebook and YouTube Today at 4 P.M. Central\"}]},{\"@type\":\"WebSite\",\"@id\":\"https:\\\/\\\/trta.org\\\/#website\",\"url\":\"https:\\\/\\\/trta.org\\\/\",\"name\":\"Texas Retired Teachers Association\",\"description\":\"\",\"publisher\":{\"@id\":\"https:\\\/\\\/trta.org\\\/#organization\"},\"potentialAction\":[{\"@type\":\"SearchAction\",\"target\":{\"@type\":\"EntryPoint\",\"urlTemplate\":\"https:\\\/\\\/trta.org\\\/?s={search_term_string}\"},\"query-input\":{\"@type\":\"PropertyValueSpecification\",\"valueRequired\":true,\"valueName\":\"search_term_string\"}}],\"inLanguage\":\"es\"},{\"@type\":\"Organization\",\"@id\":\"https:\\\/\\\/trta.org\\\/#organization\",\"name\":\"Texas Retired Teachers Association\",\"url\":\"https:\\\/\\\/trta.org\\\/\",\"logo\":{\"@type\":\"ImageObject\",\"inLanguage\":\"es\",\"@id\":\"https:\\\/\\\/trta.org\\\/#\\\/schema\\\/logo\\\/image\\\/\",\"url\":\"https:\\\/\\\/trta.org\\\/wp-content\\\/uploads\\\/2022\\\/12\\\/logo.png\",\"contentUrl\":\"https:\\\/\\\/trta.org\\\/wp-content\\\/uploads\\\/2022\\\/12\\\/logo.png\",\"width\":593,\"height\":183,\"caption\":\"Texas Retired Teachers Association\"},\"image\":{\"@id\":\"https:\\\/\\\/trta.org\\\/#\\\/schema\\\/logo\\\/image\\\/\"}},{\"@type\":\"Person\",\"@id\":\"https:\\\/\\\/trta.org\\\/#\\\/schema\\\/person\\\/5acd6b633d5ad936ca6c484e9925a6e4\",\"name\":\"rvarney\",\"image\":{\"@type\":\"ImageObject\",\"inLanguage\":\"es\",\"@id\":\"https:\\\/\\\/secure.gravatar.com\\\/avatar\\\/389463371978c05ec14fcfb597b19e685d96acfd7966b2a5d78bf3eee6a16451?s=96&d=mm&r=g\",\"url\":\"https:\\\/\\\/secure.gravatar.com\\\/avatar\\\/389463371978c05ec14fcfb597b19e685d96acfd7966b2a5d78bf3eee6a16451?s=96&d=mm&r=g\",\"contentUrl\":\"https:\\\/\\\/secure.gravatar.com\\\/avatar\\\/389463371978c05ec14fcfb597b19e685d96acfd7966b2a5d78bf3eee6a16451?s=96&d=mm&r=g\",\"caption\":\"rvarney\"},\"url\":\"https:\\\/\\\/trta.org\\\/es\\\/author\\\/rvarney\\\/\"}]}<\/script>\n<!-- \/ Yoast SEO plugin. -->","yoast_head_json":{"title":"Reminder: Tim Lee Live on Facebook and YouTube Today at 4 P.M. Central - Texas Retired Teachers Association","robots":{"index":"index","follow":"follow","max-snippet":"max-snippet:-1","max-image-preview":"max-image-preview:large","max-video-preview":"max-video-preview:-1"},"canonical":"https:\/\/trta.org\/es\/reminder-tim-lee-live-on-facebook-and-youtube-today-at-4-p-m-central-2\/","og_locale":"es_ES","og_type":"article","og_title":"Reminder: Tim Lee Live on Facebook and YouTube Today at 4 P.M. Central - Texas Retired Teachers Association","og_description":"Tim Lee, the Texas Retired Teachers Association\u2019s (TRTA) Executive Director, will be live on\u00a0Facebook\u00a0and\u00a0YouTube\u00a0today, May 11, at 4 p.m. Central. Lee will provide a Capitol update on the cost-of-living adjustment (COLA) retirees are fighting for. Be sure to tune in on Thursdays at 4 p.m. as Tim Lee goes live with a variety and topics [&hellip;]","og_url":"https:\/\/trta.org\/es\/reminder-tim-lee-live-on-facebook-and-youtube-today-at-4-p-m-central-2\/","og_site_name":"Texas Retired Teachers Association","article_published_time":"2023-05-11T14:31:58+00:00","og_image":[{"width":800,"height":535,"url":"https:\/\/trta.org\/wp-content\/uploads\/2019\/03\/texas-capitol-daytime-1.jpg","type":"image\/jpeg"}],"author":"rvarney","twitter_card":"summary_large_image","twitter_misc":{"Escrito por":"rvarney","Tiempo de lectura":"1 minuto"},"schema":{"@context":"https:\/\/schema.org","@graph":[{"@type":"Article","@id":"https:\/\/trta.org\/reminder-tim-lee-live-on-facebook-and-youtube-today-at-4-p-m-central-2\/#article","isPartOf":{"@id":"https:\/\/trta.org\/reminder-tim-lee-live-on-facebook-and-youtube-today-at-4-p-m-central-2\/"},"author":{"name":"rvarney","@id":"https:\/\/trta.org\/#\/schema\/person\/5acd6b633d5ad936ca6c484e9925a6e4"},"headline":"Reminder: Tim Lee Live on Facebook and YouTube Today at 4 P.M. Central","datePublished":"2023-05-11T14:31:58+00:00","mainEntityOfPage":{"@id":"https:\/\/trta.org\/reminder-tim-lee-live-on-facebook-and-youtube-today-at-4-p-m-central-2\/"},"wordCount":113,"publisher":{"@id":"https:\/\/trta.org\/#organization"},"image":{"@id":"https:\/\/trta.org\/reminder-tim-lee-live-on-facebook-and-youtube-today-at-4-p-m-central-2\/#primaryimage"},"thumbnailUrl":"https:\/\/trta.org\/wp-content\/uploads\/2019\/03\/texas-capitol-daytime-1.jpg","articleSection":["Uncategorized"],"inLanguage":"es"},{"@type":"WebPage","@id":"https:\/\/trta.org\/reminder-tim-lee-live-on-facebook-and-youtube-today-at-4-p-m-central-2\/","url":"https:\/\/trta.org\/reminder-tim-lee-live-on-facebook-and-youtube-today-at-4-p-m-central-2\/","name":"Reminder: Tim Lee Live on Facebook and YouTube Today at 4 P.M. Central - Texas Retired Teachers Association","isPartOf":{"@id":"https:\/\/trta.org\/#website"},"primaryImageOfPage":{"@id":"https:\/\/trta.org\/reminder-tim-lee-live-on-facebook-and-youtube-today-at-4-p-m-central-2\/#primaryimage"},"image":{"@id":"https:\/\/trta.org\/reminder-tim-lee-live-on-facebook-and-youtube-today-at-4-p-m-central-2\/#primaryimage"},"thumbnailUrl":"https:\/\/trta.org\/wp-content\/uploads\/2019\/03\/texas-capitol-daytime-1.jpg","datePublished":"2023-05-11T14:31:58+00:00","breadcrumb":{"@id":"https:\/\/trta.org\/reminder-tim-lee-live-on-facebook-and-youtube-today-at-4-p-m-central-2\/#breadcrumb"},"inLanguage":"es","potentialAction":[{"@type":"ReadAction","target":["https:\/\/trta.org\/reminder-tim-lee-live-on-facebook-and-youtube-today-at-4-p-m-central-2\/"]}]},{"@type":"ImageObject","inLanguage":"es","@id":"https:\/\/trta.org\/reminder-tim-lee-live-on-facebook-and-youtube-today-at-4-p-m-central-2\/#primaryimage","url":"https:\/\/trta.org\/wp-content\/uploads\/2019\/03\/texas-capitol-daytime-1.jpg","contentUrl":"https:\/\/trta.org\/wp-content\/uploads\/2019\/03\/texas-capitol-daytime-1.jpg","width":800,"height":535},{"@type":"BreadcrumbList","@id":"https:\/\/trta.org\/reminder-tim-lee-live-on-facebook-and-youtube-today-at-4-p-m-central-2\/#breadcrumb","itemListElement":[{"@type":"ListItem","position":1,"name":"Home","item":"https:\/\/trta.org\/"},{"@type":"ListItem","position":2,"name":"Reminder: Tim Lee Live on Facebook and YouTube Today at 4 P.M. Central"}]},{"@type":"WebSite","@id":"https:\/\/trta.org\/#website","url":"https:\/\/trta.org\/","name":"Asociaci\u00f3n de Maestros Jubilados de Texas","description":"","publisher":{"@id":"https:\/\/trta.org\/#organization"},"potentialAction":[{"@type":"SearchAction","target":{"@type":"EntryPoint","urlTemplate":"https:\/\/trta.org\/?s={search_term_string}"},"query-input":{"@type":"PropertyValueSpecification","valueRequired":true,"valueName":"search_term_string"}}],"inLanguage":"es"},{"@type":"Organization","@id":"https:\/\/trta.org\/#organization","name":"Asociaci\u00f3n de Maestros Jubilados de Texas","url":"https:\/\/trta.org\/","logo":{"@type":"ImageObject","inLanguage":"es","@id":"https:\/\/trta.org\/#\/schema\/logo\/image\/","url":"https:\/\/trta.org\/wp-content\/uploads\/2022\/12\/logo.png","contentUrl":"https:\/\/trta.org\/wp-content\/uploads\/2022\/12\/logo.png","width":593,"height":183,"caption":"Texas Retired Teachers Association"},"image":{"@id":"https:\/\/trta.org\/#\/schema\/logo\/image\/"}},{"@type":"Person","@id":"https:\/\/trta.org\/#\/schema\/person\/5acd6b633d5ad936ca6c484e9925a6e4","name":"rvarney","image":{"@type":"ImageObject","inLanguage":"es","@id":"https:\/\/secure.gravatar.com\/avatar\/389463371978c05ec14fcfb597b19e685d96acfd7966b2a5d78bf3eee6a16451?s=96&d=mm&r=g","url":"https:\/\/secure.gravatar.com\/avatar\/389463371978c05ec14fcfb597b19e685d96acfd7966b2a5d78bf3eee6a16451?s=96&d=mm&r=g","contentUrl":"https:\/\/secure.gravatar.com\/avatar\/389463371978c05ec14fcfb597b19e685d96acfd7966b2a5d78bf3eee6a16451?s=96&d=mm&r=g","caption":"rvarney"},"url":"https:\/\/trta.org\/es\/author\/rvarney\/"}]}},"_links":{"self":[{"href":"https:\/\/trta.org\/es\/wp-json\/wp\/v2\/posts\/64800","targetHints":{"allow":["GET"]}}],"collection":[{"href":"https:\/\/trta.org\/es\/wp-json\/wp\/v2\/posts"}],"about":[{"href":"https:\/\/trta.org\/es\/wp-json\/wp\/v2\/types\/post"}],"author":[{"embeddable":true,"href":"https:\/\/trta.org\/es\/wp-json\/wp\/v2\/users\/3"}],"replies":[{"embeddable":true,"href":"https:\/\/trta.org\/es\/wp-json\/wp\/v2\/comments?post=64800"}],"version-history":[{"count":0,"href":"https:\/\/trta.org\/es\/wp-json\/wp\/v2\/posts\/64800\/revisions"}],"wp:featuredmedia":[{"embeddable":true,"href":"https:\/\/trta.org\/es\/wp-json\/wp\/v2\/media\/42631"}],"wp:attachment":[{"href":"https:\/\/trta.org\/es\/wp-json\/wp\/v2\/media?parent=64800"}],"wp:term":[{"taxonomy":"category","embeddable":true,"href":"https:\/\/trta.org\/es\/wp-json\/wp\/v2\/categories?post=64800"},{"taxonomy":"post_tag","embeddable":true,"href":"https:\/\/trta.org\/es\/wp-json\/wp\/v2\/tags?post=64800"}],"curies":[{"name":"wp","href":"https:\/\/api.w.org\/{rel}","templated":true}]}}