{"id":65212,"date":"2023-07-14T12:49:04","date_gmt":"2023-07-14T17:49:04","guid":{"rendered":"https:\/\/trta.org\/?p=65212"},"modified":"2023-07-14T12:49:04","modified_gmt":"2023-07-14T17:49:04","slug":"trs-board-votes-on-changes-to-trs-care-medical-plans","status":"publish","type":"post","link":"https:\/\/trta.org\/es\/trs-board-votes-on-changes-to-trs-care-medical-plans\/","title":{"rendered":"La Junta de TRS vota sobre cambios a los planes m\u00e9dicos de TRS-Care"},"content":{"rendered":"<p>The Teacher Retirement System of Texas (TRS) Board of Trustees convened July 13 and 14 for their quarterly meeting. The TRS Board discussed the transition to a new pharmacy benefits manager, voted to increase deductibles for the TRS-Care Standard medical insurance plan, and revealed the dates of the TRS-Care Fall Health Fairs. <strong>Despite these changes, TRS-Care member premiums will NOT be increasing.<\/strong><\/p>\n<p>Texas Retired Teachers Association (TRTA) Executive Director Tim Lee provide public comment during the meeting, expressing his gratitude to the TRS staff and Board of Trustees for the work the TRS team did during the 88<sup>th<\/sup>\u00a0Sesi\u00f3n Legislativa.<\/p>\n<p>\u201cWe appreciate the work you have done to help put us in a position to help us do something that has never been done for our retired public-school employees,\u201d Lee said, referring to the passage of Senate Bill 10 which will provides stipends to hundreds of thousands of TRS annuitants, and a cost-of-living adjustment (COLA), pending the passage of a constitutional amendment in November. Learn more about these benefit enhancements\u00a0<a href=\"https:\/\/trta.org\/es\/cola-faq\/\" data-cke-saved-href=\"http:\/\/www.trta.org\/cola-faq\">haciendo clic aqu\u00ed<\/a>.<\/p>\n<p>Lee commented that TRTA\u2019s work is not over. \u201cWe\u2019re all going to keep working to find the best ways to help our folks.\u201d<\/p>\n<p>TRTA President Marcy Cann also thanked the TRS Board and staff for educating the Legislature during session and expressed her appreciation at having \u201ceveryone be there together\u201d to have SB 10 signed by the Governor in June.<\/p>\n<h2 class=\"null\"><strong>TRS-Care to Have New Pharmacy Benefits Manager as of January<\/strong><\/h2>\n<p>TRS announced that TRS-Care plan participants will have a new pharmacy benefits manager. Express Scripts will become the new pharmacy benefits manager for TRS-Care on January 1, 2024.<\/p>\n<p>Participants should receive their new pharmacy cards in the mail in December. Express Scripts will send representatives to the in-person TRS-Care Health Fairs this fall to answer questions. Express Scripts representatives will also participate in TRS-Care webinars. See more information about the health fairs and webinar below.<\/p>\n<h2 class=\"null\"><strong>TRS-Care Standard Deductible Increase Information<\/strong><\/h2>\n<p>Katrina Daniel, TRS Chief Health Care Officer, explained during a presentation that deductibles for TRS-Care Standard have not changed since 2018. TRTA members may recall that significant changes were made by the Texas Legislature in 2017 to the TRS-Care medical plans, and that those changes went into effect in 2018.<\/p>\n<p>The TRS-Care Standard plan was set up to qualify as a high-deductible plan, making it eligible for a health savings account (HSA) that plan participants can set up outside of TRS. However, the current 2023 TRS-Care Standard plan deductibles are too low for the plan to be compatible with a health savings account in 2024 based on\u00a0<a href=\"https:\/\/www.irs.gov\/pub\/irs-drop\/rp-23-23.pdf\" data-cke-saved-href=\"https:\/\/www.irs.gov\/pub\/irs-drop\/rp-23-23.pdf\">changes recently made by the Internal Revenue Service (IRS)<\/a>.<\/p>\n<p>According to\u00a0<a href=\"https:\/\/www.cnbc.com\/2023\/05\/19\/here-are-the-2024-contribution-limits-for-health-savings-accounts.html\" data-cke-saved-href=\"https:\/\/www.cnbc.com\/2023\/05\/19\/here-are-the-2024-contribution-limits-for-health-savings-accounts.html\">this article<\/a>, \u201cQualifying plans require a deductible of at least $1,600 for self-only coverage or $3,200 for a family plan for 2024, according to the IRS.\u201d<\/p>\n<p>Due to this change by the IRS, TRS is increasing deductibles so that they will align with IRS guidelines so that pre-Medicare participants can continue to contribute to and use a health savings account. <strong>Despite these changes, TRS-Care member premiums will NOT be increasing.<\/strong><\/p>\n<p>The chart below demonstrates the deductible increases that will take effect in January 2024.<\/p>\n<p><img fetchpriority=\"high\" decoding=\"async\" class=\"alignnone size-large wp-image-65213\" src=\"https:\/\/trta.org\/wp-content\/uploads\/2023\/07\/Plans2-1024x407.png\" alt=\"\" width=\"800\" height=\"318\" srcset=\"https:\/\/trta.org\/wp-content\/uploads\/2023\/07\/Plans2-1024x407.png 1024w, https:\/\/trta.org\/wp-content\/uploads\/2023\/07\/Plans2-300x119.png 300w, https:\/\/trta.org\/wp-content\/uploads\/2023\/07\/Plans2-768x305.png 768w, https:\/\/trta.org\/wp-content\/uploads\/2023\/07\/Plans2-18x7.png 18w, https:\/\/trta.org\/wp-content\/uploads\/2023\/07\/Plans2.png 1466w\" sizes=\"(max-width: 800px) 100vw, 800px\" \/><\/p>\n<h2 class=\"null\"><strong>TRS Releases 2023 In-Person TRS-Care Health Fair Schedule<\/strong><\/h2>\n<p><strong>TRS-Care Health Fairs will return this fall!<\/strong>\u00a0Per TRS, you should attend an event near you \u201cto find\u00a0<strong>answers to your questions; discover new programs that excite you; and forge connections with fellow retirees<\/strong><strong>,<\/strong>\u00a0your TRS Health Team, and the people who administer your health plans.\u200b\u201d<\/p>\n<p><strong>TRS-Care Health Fairs are from 9:00 a.m. to 12:00 p.m., local time<\/strong>. TRS will announce updates in\u00a0<a href=\"https:\/\/www.trs.texas.gov\/Pages\/subscribe.aspx\" data-cke-saved-href=\"https:\/\/www.trs.texas.gov\/Pages\/subscribe.aspx\"><em>The Pulse<\/em><\/a>. Additional information can also be found on the\u00a0<a href=\"https:\/\/www.trs.texas.gov\/Pages\/healthcare_benefits_events.aspx\" data-cke-saved-href=\"https:\/\/www.trs.texas.gov\/Pages\/healthcare_benefits_events.aspx\">TRS website here<\/a>.<\/p>\n<h3 class=\"null\">2023 TRS-Care Health Fairs<\/h3>\n<table border=\"1\" cellspacing=\"0\" cellpadding=\"0\">\n<tbody>\n<tr>\n<td><strong>Date<\/strong><\/td>\n<td><strong>Location<\/strong><\/td>\n<\/tr>\n<tr>\n<td>Tuesday, September 12, 2023<\/td>\n<td>Round Rock<\/td>\n<\/tr>\n<tr>\n<td>Tuesday, September 19, 2023<\/td>\n<td>Amarillo<\/td>\n<\/tr>\n<tr>\n<td>Wednesday, September 20, 2023<\/td>\n<td>Lubbock<\/td>\n<\/tr>\n<tr>\n<td>Thursday, September 21, 2023<\/td>\n<td>Odessa<\/td>\n<\/tr>\n<tr>\n<td>Monday, September 25, 2023<\/td>\n<td>Laredo<\/td>\n<\/tr>\n<tr>\n<td>Tuesday, September 26, 2023<\/td>\n<td>San Antonio<\/td>\n<\/tr>\n<tr>\n<td>Wednesday, September 27, 2023<\/td>\n<td>San Marcos<\/td>\n<\/tr>\n<tr>\n<td>Monday, October 2, 2023<\/td>\n<td>Beaumont<\/td>\n<\/tr>\n<tr>\n<td>Tuesday, October 3, 2023<\/td>\n<td>Houston North<\/td>\n<\/tr>\n<tr>\n<td>Wednesday, October 4, 2023<\/td>\n<td>Houston Central<\/td>\n<\/tr>\n<tr>\n<td>Thursday, October 5, 2023<\/td>\n<td>Houston South (Sugar Land)<\/td>\n<\/tr>\n<tr>\n<td>Monday, October 9, 2023<\/td>\n<td>McAllen<\/td>\n<\/tr>\n<tr>\n<td>Tuesday, October 10, 2023<\/td>\n<td>Harlingen<\/td>\n<\/tr>\n<tr>\n<td>Wednesday, October 11, 2023<\/td>\n<td>Corpus Christi<\/td>\n<\/tr>\n<tr>\n<td>Tuesday, October 17, 2023<\/td>\n<td>El Paso East<\/td>\n<\/tr>\n<tr>\n<td>Wednesday, October 18, 2023<\/td>\n<td>El Paso Northwest<\/td>\n<\/tr>\n<tr>\n<td>Friday, October 20, 2023<\/td>\n<td>Waco<\/td>\n<\/tr>\n<tr>\n<td>Monday, October 23, 2023<\/td>\n<td>Ft. Worth<\/td>\n<\/tr>\n<tr>\n<td>Tuesday, October 24, 2023<\/td>\n<td>Arlington<\/td>\n<\/tr>\n<tr>\n<td>Wednesday, October 25, 2023<\/td>\n<td>Dallas North (Allen)<\/td>\n<\/tr>\n<tr>\n<td>Thursday, October 26, 2023<\/td>\n<td>Longview<\/td>\n<\/tr>\n<\/tbody>\n<\/table>\n<p>&nbsp;<\/p>\n<table border=\"1\" width=\"66%\" cellspacing=\"0\" cellpadding=\"0\">\n<tbody>\n<tr>\n<td><strong>Health Fair Attendee Registration<\/strong><\/td>\n<td><a href=\"https:\/\/www.eventbrite.com\/cc\/2023-trs-care-health-fairs-2318199\" data-cke-saved-href=\"https:\/\/www.eventbrite.com\/cc\/2023-trs-care-health-fairs-2318199\">https:\/\/www.eventbrite.com\/cc\/2023-trs-care-health-fairs-2318199<\/a><\/td>\n<\/tr>\n<tr>\n<td><strong>Health Fair Local Exhibitor Registration Request<\/strong><\/td>\n<td><a href=\"https:\/\/www.surveymonkey.com\/r\/V2JH2TD\" data-cke-saved-href=\"https:\/\/www.surveymonkey.com\/r\/V2JH2TD\">https:\/\/www.surveymonkey.com\/r\/V2JH2TD<\/a><\/td>\n<\/tr>\n<\/tbody>\n<\/table>\n<h2 class=\"null\"><strong>TRS-Care Medicare Information Sessions for 2024 Benefits\u200b Webinars<\/strong><\/h2>\n<p>TRS-Care Medicare Information Sessions are for people eligible for Medicare and enrolled in TRS-Care Medicare. Register to learn more about TRS-Care Medicare and review your 2024 medical and prescription drug benefits. TRS, UnitedHealthcare and Express Scripts staff will answer live questions from attendees. <strong>All sessions are 10 a.m.\u201312p.m., CST.<\/strong><\/p>\n<table border=\"1\" width=\"66%\" cellspacing=\"0\" cellpadding=\"0\">\n<tbody>\n<tr>\n<td><strong>Event<\/strong><\/td>\n<td>TRS-Care Medicare Information Session for 2024 Benefits<\/td>\n<\/tr>\n<tr>\n<td><strong>Dates<\/strong><\/td>\n<td>Friday, October 6, 2023<br \/>\nThursday, October 19, 2023<br \/>\nWednesday, November 1, 2023<\/td>\n<\/tr>\n<tr>\n<td>\u200b<strong>Registration<\/strong><\/td>\n<td><a href=\"https:\/\/attendee.gotowebinar.com\/rt\/3932458744469021784\" data-cke-saved-href=\"https:\/\/attendee.gotowebinar.com\/rt\/3932458744469021784\">https:\/\/attendee.gotowebinar.com\/rt\/3932458744469021784<\/a><\/td>\n<\/tr>\n<\/tbody>\n<\/table>\n<h2 class=\"null\"><strong>TRS-Care Standard Information Session for 2024 Benefits Webinars<\/strong><\/h2>\n<p>TRS-Care Standard Information Sessions are for retirees not yet eligible for Medicare and enrolled in TRS-Care Standard. Register to learn more about TRS-Care Standard and review your 2024 medical and prescription drug benefits. TRS, Blue Cross Blue Shield of Texas and Express Scripts staff will answer live questions from attendees. <strong>All sessions are 10 a.m.\u201312p.m., CST.<\/strong><\/p>\n<table border=\"1\" width=\"66%\" cellspacing=\"0\" cellpadding=\"0\">\n<tbody>\n<tr>\n<td><strong>Event<\/strong><\/td>\n<td>TRS-Care Standard Information Session for 2024 Benefits<\/td>\n<\/tr>\n<tr>\n<td><strong>Dates<\/strong><\/td>\n<td>Monday, October 16, 2023<br \/>\nTuesday, October 31, 2023<\/td>\n<\/tr>\n<tr>\n<td><strong>Registration<\/strong><\/td>\n<td><a href=\"https:\/\/attendee.gotowebinar.com\/rt\/8266180526814124638\" data-cke-saved-href=\"https:\/\/attendee.gotowebinar.com\/rt\/8266180526814124638\">https:\/\/attendee.gotowebinar.com\/rt\/8266180526814124638<\/a><\/td>\n<\/tr>\n<\/tbody>\n<\/table>\n<h2 class=\"null\"><strong>\u00a1Gracias!<\/strong><\/h2>\n<p>Gracias por ser miembro de TRTA. Estamos pidiendo a los miembros que <a href=\"https:\/\/trta.org\/es\/join-trta\/\" data-cke-saved-href=\"https:\/\/trta.org\/join-trta\/\">por favor renueve sus cuotas con TRTA<\/a>\u00a0si a\u00fan no lo han hecho. Si conoces a alguien que no es miembro,\u00a0<a href=\"https:\/\/trta.org\/es\/join-trta\/\" data-cke-saved-href=\"https:\/\/trta.org\/join-trta\/\">por favor inv\u00edtalos a unirse a nosotros<\/a>! La uni\u00f3n hace la fuerza y la forma m\u00e1s segura de lograr el \u00e9xito es hacer crecer la organizaci\u00f3n.<\/p>","protected":false},"excerpt":{"rendered":"<p>The Teacher Retirement System of Texas (TRS) Board of Trustees convened July 13 and 14 for their quarterly meeting. The TRS Board discussed the transition to a new pharmacy benefits manager, voted to increase deductibles for the TRS-Care Standard medical insurance plan, and revealed the dates of the TRS-Care Fall Health Fairs. Despite these changes, [&hellip;]<\/p>\n","protected":false},"author":3,"featured_media":55795,"comment_status":"closed","ping_status":"closed","sticky":false,"template":"","format":"standard","meta":{"_acf_changed":false,"footnotes":""},"categories":[49],"tags":[],"class_list":["post-65212","post","type-post","status-publish","format-standard","has-post-thumbnail","hentry","category-featured"],"acf":[],"yoast_head":"<!-- This site is optimized with the Yoast SEO plugin v27.5 - https:\/\/yoast.com\/product\/yoast-seo-wordpress\/ -->\n<title>TRS Board Votes on Changes to TRS-Care Medical Plans - Texas Retired Teachers Association<\/title>\n<meta name=\"robots\" content=\"index, follow, max-snippet:-1, max-image-preview:large, max-video-preview:-1\" \/>\n<link rel=\"canonical\" href=\"https:\/\/trta.org\/es\/trs-board-votes-on-changes-to-trs-care-medical-plans\/\" \/>\n<meta property=\"og:locale\" content=\"es_ES\" \/>\n<meta property=\"og:type\" content=\"article\" \/>\n<meta property=\"og:title\" content=\"TRS Board Votes on Changes to TRS-Care Medical Plans - Texas Retired Teachers Association\" \/>\n<meta property=\"og:description\" content=\"The Teacher Retirement System of Texas (TRS) Board of Trustees convened July 13 and 14 for their quarterly meeting. The TRS Board discussed the transition to a new pharmacy benefits manager, voted to increase deductibles for the TRS-Care Standard medical insurance plan, and revealed the dates of the TRS-Care Fall Health Fairs. Despite these changes, [&hellip;]\" \/>\n<meta property=\"og:url\" content=\"https:\/\/trta.org\/es\/trs-board-votes-on-changes-to-trs-care-medical-plans\/\" \/>\n<meta property=\"og:site_name\" content=\"Texas Retired Teachers Association\" \/>\n<meta property=\"article:published_time\" content=\"2023-07-14T17:49:04+00:00\" \/>\n<meta property=\"og:image\" content=\"https:\/\/trta.org\/wp-content\/uploads\/2019\/12\/TRS-photo-e1576270652284-1.jpg\" \/>\n\t<meta property=\"og:image:width\" content=\"799\" \/>\n\t<meta property=\"og:image:height\" content=\"350\" \/>\n\t<meta property=\"og:image:type\" content=\"image\/jpeg\" \/>\n<meta name=\"author\" content=\"rvarney\" \/>\n<meta name=\"twitter:card\" content=\"summary_large_image\" \/>\n<meta name=\"twitter:label1\" content=\"Escrito por\" \/>\n\t<meta name=\"twitter:data1\" content=\"rvarney\" \/>\n\t<meta name=\"twitter:label2\" content=\"Tiempo de lectura\" \/>\n\t<meta name=\"twitter:data2\" content=\"5 minutos\" \/>\n<script type=\"application\/ld+json\" class=\"yoast-schema-graph\">{\"@context\":\"https:\\\/\\\/schema.org\",\"@graph\":[{\"@type\":\"Article\",\"@id\":\"https:\\\/\\\/trta.org\\\/trs-board-votes-on-changes-to-trs-care-medical-plans\\\/#article\",\"isPartOf\":{\"@id\":\"https:\\\/\\\/trta.org\\\/trs-board-votes-on-changes-to-trs-care-medical-plans\\\/\"},\"author\":{\"name\":\"rvarney\",\"@id\":\"https:\\\/\\\/trta.org\\\/#\\\/schema\\\/person\\\/5acd6b633d5ad936ca6c484e9925a6e4\"},\"headline\":\"TRS Board Votes on Changes to TRS-Care Medical Plans\",\"datePublished\":\"2023-07-14T17:49:04+00:00\",\"mainEntityOfPage\":{\"@id\":\"https:\\\/\\\/trta.org\\\/trs-board-votes-on-changes-to-trs-care-medical-plans\\\/\"},\"wordCount\":934,\"publisher\":{\"@id\":\"https:\\\/\\\/trta.org\\\/#organization\"},\"image\":{\"@id\":\"https:\\\/\\\/trta.org\\\/trs-board-votes-on-changes-to-trs-care-medical-plans\\\/#primaryimage\"},\"thumbnailUrl\":\"https:\\\/\\\/trta.org\\\/wp-content\\\/uploads\\\/2019\\\/12\\\/TRS-photo-e1576270652284-1.jpg\",\"articleSection\":[\"Featured\"],\"inLanguage\":\"es\"},{\"@type\":\"WebPage\",\"@id\":\"https:\\\/\\\/trta.org\\\/trs-board-votes-on-changes-to-trs-care-medical-plans\\\/\",\"url\":\"https:\\\/\\\/trta.org\\\/trs-board-votes-on-changes-to-trs-care-medical-plans\\\/\",\"name\":\"TRS Board Votes on Changes to TRS-Care Medical Plans - Texas Retired Teachers Association\",\"isPartOf\":{\"@id\":\"https:\\\/\\\/trta.org\\\/#website\"},\"primaryImageOfPage\":{\"@id\":\"https:\\\/\\\/trta.org\\\/trs-board-votes-on-changes-to-trs-care-medical-plans\\\/#primaryimage\"},\"image\":{\"@id\":\"https:\\\/\\\/trta.org\\\/trs-board-votes-on-changes-to-trs-care-medical-plans\\\/#primaryimage\"},\"thumbnailUrl\":\"https:\\\/\\\/trta.org\\\/wp-content\\\/uploads\\\/2019\\\/12\\\/TRS-photo-e1576270652284-1.jpg\",\"datePublished\":\"2023-07-14T17:49:04+00:00\",\"breadcrumb\":{\"@id\":\"https:\\\/\\\/trta.org\\\/trs-board-votes-on-changes-to-trs-care-medical-plans\\\/#breadcrumb\"},\"inLanguage\":\"es\",\"potentialAction\":[{\"@type\":\"ReadAction\",\"target\":[\"https:\\\/\\\/trta.org\\\/trs-board-votes-on-changes-to-trs-care-medical-plans\\\/\"]}]},{\"@type\":\"ImageObject\",\"inLanguage\":\"es\",\"@id\":\"https:\\\/\\\/trta.org\\\/trs-board-votes-on-changes-to-trs-care-medical-plans\\\/#primaryimage\",\"url\":\"https:\\\/\\\/trta.org\\\/wp-content\\\/uploads\\\/2019\\\/12\\\/TRS-photo-e1576270652284-1.jpg\",\"contentUrl\":\"https:\\\/\\\/trta.org\\\/wp-content\\\/uploads\\\/2019\\\/12\\\/TRS-photo-e1576270652284-1.jpg\",\"width\":799,\"height\":350},{\"@type\":\"BreadcrumbList\",\"@id\":\"https:\\\/\\\/trta.org\\\/trs-board-votes-on-changes-to-trs-care-medical-plans\\\/#breadcrumb\",\"itemListElement\":[{\"@type\":\"ListItem\",\"position\":1,\"name\":\"Home\",\"item\":\"https:\\\/\\\/trta.org\\\/\"},{\"@type\":\"ListItem\",\"position\":2,\"name\":\"TRS Board Votes on Changes to TRS-Care Medical Plans\"}]},{\"@type\":\"WebSite\",\"@id\":\"https:\\\/\\\/trta.org\\\/#website\",\"url\":\"https:\\\/\\\/trta.org\\\/\",\"name\":\"Texas Retired Teachers Association\",\"description\":\"\",\"publisher\":{\"@id\":\"https:\\\/\\\/trta.org\\\/#organization\"},\"potentialAction\":[{\"@type\":\"SearchAction\",\"target\":{\"@type\":\"EntryPoint\",\"urlTemplate\":\"https:\\\/\\\/trta.org\\\/?s={search_term_string}\"},\"query-input\":{\"@type\":\"PropertyValueSpecification\",\"valueRequired\":true,\"valueName\":\"search_term_string\"}}],\"inLanguage\":\"es\"},{\"@type\":\"Organization\",\"@id\":\"https:\\\/\\\/trta.org\\\/#organization\",\"name\":\"Texas Retired Teachers Association\",\"url\":\"https:\\\/\\\/trta.org\\\/\",\"logo\":{\"@type\":\"ImageObject\",\"inLanguage\":\"es\",\"@id\":\"https:\\\/\\\/trta.org\\\/#\\\/schema\\\/logo\\\/image\\\/\",\"url\":\"https:\\\/\\\/trta.org\\\/wp-content\\\/uploads\\\/2022\\\/12\\\/logo.png\",\"contentUrl\":\"https:\\\/\\\/trta.org\\\/wp-content\\\/uploads\\\/2022\\\/12\\\/logo.png\",\"width\":593,\"height\":183,\"caption\":\"Texas Retired Teachers Association\"},\"image\":{\"@id\":\"https:\\\/\\\/trta.org\\\/#\\\/schema\\\/logo\\\/image\\\/\"}},{\"@type\":\"Person\",\"@id\":\"https:\\\/\\\/trta.org\\\/#\\\/schema\\\/person\\\/5acd6b633d5ad936ca6c484e9925a6e4\",\"name\":\"rvarney\",\"image\":{\"@type\":\"ImageObject\",\"inLanguage\":\"es\",\"@id\":\"https:\\\/\\\/secure.gravatar.com\\\/avatar\\\/389463371978c05ec14fcfb597b19e685d96acfd7966b2a5d78bf3eee6a16451?s=96&d=mm&r=g\",\"url\":\"https:\\\/\\\/secure.gravatar.com\\\/avatar\\\/389463371978c05ec14fcfb597b19e685d96acfd7966b2a5d78bf3eee6a16451?s=96&d=mm&r=g\",\"contentUrl\":\"https:\\\/\\\/secure.gravatar.com\\\/avatar\\\/389463371978c05ec14fcfb597b19e685d96acfd7966b2a5d78bf3eee6a16451?s=96&d=mm&r=g\",\"caption\":\"rvarney\"},\"url\":\"https:\\\/\\\/trta.org\\\/es\\\/author\\\/rvarney\\\/\"}]}<\/script>\n<!-- \/ Yoast SEO plugin. -->","yoast_head_json":{"title":"TRS Board Votes on Changes to TRS-Care Medical Plans - Texas Retired Teachers Association","robots":{"index":"index","follow":"follow","max-snippet":"max-snippet:-1","max-image-preview":"max-image-preview:large","max-video-preview":"max-video-preview:-1"},"canonical":"https:\/\/trta.org\/es\/trs-board-votes-on-changes-to-trs-care-medical-plans\/","og_locale":"es_ES","og_type":"article","og_title":"TRS Board Votes on Changes to TRS-Care Medical Plans - Texas Retired Teachers Association","og_description":"The Teacher Retirement System of Texas (TRS) Board of Trustees convened July 13 and 14 for their quarterly meeting. The TRS Board discussed the transition to a new pharmacy benefits manager, voted to increase deductibles for the TRS-Care Standard medical insurance plan, and revealed the dates of the TRS-Care Fall Health Fairs. Despite these changes, [&hellip;]","og_url":"https:\/\/trta.org\/es\/trs-board-votes-on-changes-to-trs-care-medical-plans\/","og_site_name":"Texas Retired Teachers Association","article_published_time":"2023-07-14T17:49:04+00:00","og_image":[{"width":799,"height":350,"url":"https:\/\/trta.org\/wp-content\/uploads\/2019\/12\/TRS-photo-e1576270652284-1.jpg","type":"image\/jpeg"}],"author":"rvarney","twitter_card":"summary_large_image","twitter_misc":{"Escrito por":"rvarney","Tiempo de lectura":"5 minutos"},"schema":{"@context":"https:\/\/schema.org","@graph":[{"@type":"Article","@id":"https:\/\/trta.org\/trs-board-votes-on-changes-to-trs-care-medical-plans\/#article","isPartOf":{"@id":"https:\/\/trta.org\/trs-board-votes-on-changes-to-trs-care-medical-plans\/"},"author":{"name":"rvarney","@id":"https:\/\/trta.org\/#\/schema\/person\/5acd6b633d5ad936ca6c484e9925a6e4"},"headline":"TRS Board Votes on Changes to TRS-Care Medical Plans","datePublished":"2023-07-14T17:49:04+00:00","mainEntityOfPage":{"@id":"https:\/\/trta.org\/trs-board-votes-on-changes-to-trs-care-medical-plans\/"},"wordCount":934,"publisher":{"@id":"https:\/\/trta.org\/#organization"},"image":{"@id":"https:\/\/trta.org\/trs-board-votes-on-changes-to-trs-care-medical-plans\/#primaryimage"},"thumbnailUrl":"https:\/\/trta.org\/wp-content\/uploads\/2019\/12\/TRS-photo-e1576270652284-1.jpg","articleSection":["Featured"],"inLanguage":"es"},{"@type":"WebPage","@id":"https:\/\/trta.org\/trs-board-votes-on-changes-to-trs-care-medical-plans\/","url":"https:\/\/trta.org\/trs-board-votes-on-changes-to-trs-care-medical-plans\/","name":"TRS Board Votes on Changes to TRS-Care Medical Plans - Texas Retired Teachers Association","isPartOf":{"@id":"https:\/\/trta.org\/#website"},"primaryImageOfPage":{"@id":"https:\/\/trta.org\/trs-board-votes-on-changes-to-trs-care-medical-plans\/#primaryimage"},"image":{"@id":"https:\/\/trta.org\/trs-board-votes-on-changes-to-trs-care-medical-plans\/#primaryimage"},"thumbnailUrl":"https:\/\/trta.org\/wp-content\/uploads\/2019\/12\/TRS-photo-e1576270652284-1.jpg","datePublished":"2023-07-14T17:49:04+00:00","breadcrumb":{"@id":"https:\/\/trta.org\/trs-board-votes-on-changes-to-trs-care-medical-plans\/#breadcrumb"},"inLanguage":"es","potentialAction":[{"@type":"ReadAction","target":["https:\/\/trta.org\/trs-board-votes-on-changes-to-trs-care-medical-plans\/"]}]},{"@type":"ImageObject","inLanguage":"es","@id":"https:\/\/trta.org\/trs-board-votes-on-changes-to-trs-care-medical-plans\/#primaryimage","url":"https:\/\/trta.org\/wp-content\/uploads\/2019\/12\/TRS-photo-e1576270652284-1.jpg","contentUrl":"https:\/\/trta.org\/wp-content\/uploads\/2019\/12\/TRS-photo-e1576270652284-1.jpg","width":799,"height":350},{"@type":"BreadcrumbList","@id":"https:\/\/trta.org\/trs-board-votes-on-changes-to-trs-care-medical-plans\/#breadcrumb","itemListElement":[{"@type":"ListItem","position":1,"name":"Home","item":"https:\/\/trta.org\/"},{"@type":"ListItem","position":2,"name":"TRS Board Votes on Changes to TRS-Care Medical Plans"}]},{"@type":"WebSite","@id":"https:\/\/trta.org\/#website","url":"https:\/\/trta.org\/","name":"Asociaci\u00f3n de Maestros Jubilados de Texas","description":"","publisher":{"@id":"https:\/\/trta.org\/#organization"},"potentialAction":[{"@type":"SearchAction","target":{"@type":"EntryPoint","urlTemplate":"https:\/\/trta.org\/?s={search_term_string}"},"query-input":{"@type":"PropertyValueSpecification","valueRequired":true,"valueName":"search_term_string"}}],"inLanguage":"es"},{"@type":"Organization","@id":"https:\/\/trta.org\/#organization","name":"Asociaci\u00f3n de Maestros Jubilados de Texas","url":"https:\/\/trta.org\/","logo":{"@type":"ImageObject","inLanguage":"es","@id":"https:\/\/trta.org\/#\/schema\/logo\/image\/","url":"https:\/\/trta.org\/wp-content\/uploads\/2022\/12\/logo.png","contentUrl":"https:\/\/trta.org\/wp-content\/uploads\/2022\/12\/logo.png","width":593,"height":183,"caption":"Texas Retired Teachers Association"},"image":{"@id":"https:\/\/trta.org\/#\/schema\/logo\/image\/"}},{"@type":"Person","@id":"https:\/\/trta.org\/#\/schema\/person\/5acd6b633d5ad936ca6c484e9925a6e4","name":"rvarney","image":{"@type":"ImageObject","inLanguage":"es","@id":"https:\/\/secure.gravatar.com\/avatar\/389463371978c05ec14fcfb597b19e685d96acfd7966b2a5d78bf3eee6a16451?s=96&d=mm&r=g","url":"https:\/\/secure.gravatar.com\/avatar\/389463371978c05ec14fcfb597b19e685d96acfd7966b2a5d78bf3eee6a16451?s=96&d=mm&r=g","contentUrl":"https:\/\/secure.gravatar.com\/avatar\/389463371978c05ec14fcfb597b19e685d96acfd7966b2a5d78bf3eee6a16451?s=96&d=mm&r=g","caption":"rvarney"},"url":"https:\/\/trta.org\/es\/author\/rvarney\/"}]}},"_links":{"self":[{"href":"https:\/\/trta.org\/es\/wp-json\/wp\/v2\/posts\/65212","targetHints":{"allow":["GET"]}}],"collection":[{"href":"https:\/\/trta.org\/es\/wp-json\/wp\/v2\/posts"}],"about":[{"href":"https:\/\/trta.org\/es\/wp-json\/wp\/v2\/types\/post"}],"author":[{"embeddable":true,"href":"https:\/\/trta.org\/es\/wp-json\/wp\/v2\/users\/3"}],"replies":[{"embeddable":true,"href":"https:\/\/trta.org\/es\/wp-json\/wp\/v2\/comments?post=65212"}],"version-history":[{"count":0,"href":"https:\/\/trta.org\/es\/wp-json\/wp\/v2\/posts\/65212\/revisions"}],"wp:featuredmedia":[{"embeddable":true,"href":"https:\/\/trta.org\/es\/wp-json\/wp\/v2\/media\/55795"}],"wp:attachment":[{"href":"https:\/\/trta.org\/es\/wp-json\/wp\/v2\/media?parent=65212"}],"wp:term":[{"taxonomy":"category","embeddable":true,"href":"https:\/\/trta.org\/es\/wp-json\/wp\/v2\/categories?post=65212"},{"taxonomy":"post_tag","embeddable":true,"href":"https:\/\/trta.org\/es\/wp-json\/wp\/v2\/tags?post=65212"}],"curies":[{"name":"wp","href":"https:\/\/api.w.org\/{rel}","templated":true}]}}