{"id":65799,"date":"2023-09-11T09:52:36","date_gmt":"2023-09-11T14:52:36","guid":{"rendered":"https:\/\/trta.org\/?p=65799"},"modified":"2023-09-11T09:52:36","modified_gmt":"2023-09-11T14:52:36","slug":"reminder-tim-lee-to-host-live-event-september-12","status":"publish","type":"post","link":"https:\/\/trta.org\/es\/reminder-tim-lee-to-host-live-event-september-12\/","title":{"rendered":"Recordatorio: Tim Lee ser\u00e1 el anfitri\u00f3n del evento en vivo el 12 de septiembre"},"content":{"rendered":"<p>Tim Lee, director ejecutivo de la Asociaci\u00f3n de Maestros Jubilados de Texas (TRTA), continuar\u00e1 una serie de eventos en vivo en Facebook y YouTube el 12 de septiembre a las 4 p.m. CDT.<\/p>\n<p>La serie se centra en la aprobaci\u00f3n de la enmienda constitucional relacionada con un ajuste por costo de vida (COLA) para los beneficiarios elegibles del Sistema de Jubilaci\u00f3n de Maestros de Texas (TRS) en las Elecciones Generales de noviembre. Puede leer detalles sobre el COLA propuesto.\u00a0<a href=\"https:\/\/trta.org\/es\/cola-faq\/\" data-cke-saved-href=\"https:\/\/trta.org\/cola-faq\/\">en este enlace<\/a>.<\/p>\n<p>\u00a1Ver los eventos en vivo es f\u00e1cil! Simplemente haga clic en TRTA\u00a0<a href=\"https:\/\/www.facebook.com\/TexasRetiredTeachers\/\" data-cke-saved-href=\"https:\/\/www.facebook.com\/TexasRetiredTeachers\/\">pagina de Facebook<\/a>\u00a0o\u00a0<a href=\"https:\/\/www.youtube.com\/theTRTAtv\/live\" target=\"_blank\" rel=\"noopener\" data-cke-saved-href=\"https:\/\/www.youtube.com\/theTRTAtv\/live\">Canal de Youtube<\/a><a href=\"https:\/\/www.youtube.com\/watch?v=Je6bPQKghYE&amp;ab_channel=TexasRetiredTeachersAssociation\" target=\"_blank\" rel=\"noopener\" data-cke-saved-href=\"https:\/\/www.youtube.com\/watch?v=Je6bPQKghYE&amp;ab_channel=TexasRetiredTeachersAssociation\">.<\/a> Estos eventos en vivo se graban y se pueden ver despu\u00e9s de transmitirse desde los mismos enlaces proporcionados.<\/p>\n<p>La serie continuar\u00e1 el segundo martes de cada mes antes de las elecciones de noviembre el 7 de noviembre de 2023.<\/p>\n<p>Gracias por ser miembro de TRTA. Estamos pidiendo a los miembros que\u00a0<a href=\"https:\/\/trta.org\/es\/join-trta\/\" data-cke-saved-href=\"https:\/\/trta.org\/join-trta\/\">por favor renueve sus cuotas con TRTA<\/a>\u00a0si a\u00fan no lo han hecho. Si conoces a alguien que no es miembro,\u00a0<a href=\"https:\/\/trta.org\/es\/join-trta\/\" data-cke-saved-href=\"https:\/\/trta.org\/join-trta\/\">por favor inv\u00edtalos a unirse a nosotros<\/a>! La uni\u00f3n hace la fuerza y la forma m\u00e1s segura de lograr el \u00e9xito es hacer crecer la organizaci\u00f3n.<\/p>","protected":false},"excerpt":{"rendered":"<p>Tim Lee, the Texas Retired Teachers Association\u2019s (TRTA) Executive Director, will continue a series of Facebook and YouTube live events on September 12 at 4 p.m. CDT. The series focuses on passing the constitutional amendment related to a cost-of-living adjustment (COLA) for eligible Teacher Retirement System of Texas (TRS) annuitants in the November General Election.\u00a0You [&hellip;]<\/p>\n","protected":false},"author":3,"featured_media":24116,"comment_status":"closed","ping_status":"closed","sticky":false,"template":"","format":"standard","meta":{"_acf_changed":false,"footnotes":""},"categories":[1],"tags":[],"class_list":["post-65799","post","type-post","status-publish","format-standard","has-post-thumbnail","hentry","category-uncategorized"],"acf":[],"yoast_head":"<!-- This site is optimized with the Yoast SEO plugin v27.5 - https:\/\/yoast.com\/product\/yoast-seo-wordpress\/ -->\n<title>Reminder: Tim Lee to Host Live Event September 12 - Texas Retired Teachers Association<\/title>\n<meta name=\"robots\" content=\"index, follow, max-snippet:-1, max-image-preview:large, max-video-preview:-1\" \/>\n<link rel=\"canonical\" href=\"https:\/\/trta.org\/es\/reminder-tim-lee-to-host-live-event-september-12\/\" \/>\n<meta property=\"og:locale\" content=\"es_ES\" \/>\n<meta property=\"og:type\" content=\"article\" \/>\n<meta property=\"og:title\" content=\"Reminder: Tim Lee to Host Live Event September 12 - Texas Retired Teachers Association\" \/>\n<meta property=\"og:description\" content=\"Tim Lee, the Texas Retired Teachers Association\u2019s (TRTA) Executive Director, will continue a series of Facebook and YouTube live events on September 12 at 4 p.m. CDT. The series focuses on passing the constitutional amendment related to a cost-of-living adjustment (COLA) for eligible Teacher Retirement System of Texas (TRS) annuitants in the November General Election.\u00a0You [&hellip;]\" \/>\n<meta property=\"og:url\" content=\"https:\/\/trta.org\/es\/reminder-tim-lee-to-host-live-event-september-12\/\" \/>\n<meta property=\"og:site_name\" content=\"Texas Retired Teachers Association\" \/>\n<meta property=\"article:published_time\" content=\"2023-09-11T14:52:36+00:00\" \/>\n<meta property=\"og:image\" content=\"https:\/\/trta.org\/wp-content\/uploads\/2018\/09\/Your_Vote_Counts_Badge-1.jpg\" \/>\n\t<meta property=\"og:image:width\" content=\"739\" \/>\n\t<meta property=\"og:image:height\" content=\"715\" \/>\n\t<meta property=\"og:image:type\" content=\"image\/jpeg\" \/>\n<meta name=\"author\" content=\"rvarney\" \/>\n<meta name=\"twitter:card\" content=\"summary_large_image\" \/>\n<meta name=\"twitter:label1\" content=\"Escrito por\" \/>\n\t<meta name=\"twitter:data1\" content=\"rvarney\" \/>\n\t<meta name=\"twitter:label2\" content=\"Tiempo de lectura\" \/>\n\t<meta name=\"twitter:data2\" content=\"1 minuto\" \/>\n<script type=\"application\/ld+json\" class=\"yoast-schema-graph\">{\"@context\":\"https:\\\/\\\/schema.org\",\"@graph\":[{\"@type\":\"Article\",\"@id\":\"https:\\\/\\\/trta.org\\\/reminder-tim-lee-to-host-live-event-september-12\\\/#article\",\"isPartOf\":{\"@id\":\"https:\\\/\\\/trta.org\\\/reminder-tim-lee-to-host-live-event-september-12\\\/\"},\"author\":{\"name\":\"rvarney\",\"@id\":\"https:\\\/\\\/trta.org\\\/#\\\/schema\\\/person\\\/5acd6b633d5ad936ca6c484e9925a6e4\"},\"headline\":\"Reminder: Tim Lee to Host Live Event September 12\",\"datePublished\":\"2023-09-11T14:52:36+00:00\",\"mainEntityOfPage\":{\"@id\":\"https:\\\/\\\/trta.org\\\/reminder-tim-lee-to-host-live-event-september-12\\\/\"},\"wordCount\":182,\"publisher\":{\"@id\":\"https:\\\/\\\/trta.org\\\/#organization\"},\"image\":{\"@id\":\"https:\\\/\\\/trta.org\\\/reminder-tim-lee-to-host-live-event-september-12\\\/#primaryimage\"},\"thumbnailUrl\":\"https:\\\/\\\/trta.org\\\/wp-content\\\/uploads\\\/2018\\\/09\\\/Your_Vote_Counts_Badge-1.jpg\",\"articleSection\":[\"Uncategorized\"],\"inLanguage\":\"es\"},{\"@type\":\"WebPage\",\"@id\":\"https:\\\/\\\/trta.org\\\/reminder-tim-lee-to-host-live-event-september-12\\\/\",\"url\":\"https:\\\/\\\/trta.org\\\/reminder-tim-lee-to-host-live-event-september-12\\\/\",\"name\":\"Reminder: Tim Lee to Host Live Event September 12 - Texas Retired Teachers Association\",\"isPartOf\":{\"@id\":\"https:\\\/\\\/trta.org\\\/#website\"},\"primaryImageOfPage\":{\"@id\":\"https:\\\/\\\/trta.org\\\/reminder-tim-lee-to-host-live-event-september-12\\\/#primaryimage\"},\"image\":{\"@id\":\"https:\\\/\\\/trta.org\\\/reminder-tim-lee-to-host-live-event-september-12\\\/#primaryimage\"},\"thumbnailUrl\":\"https:\\\/\\\/trta.org\\\/wp-content\\\/uploads\\\/2018\\\/09\\\/Your_Vote_Counts_Badge-1.jpg\",\"datePublished\":\"2023-09-11T14:52:36+00:00\",\"breadcrumb\":{\"@id\":\"https:\\\/\\\/trta.org\\\/reminder-tim-lee-to-host-live-event-september-12\\\/#breadcrumb\"},\"inLanguage\":\"es\",\"potentialAction\":[{\"@type\":\"ReadAction\",\"target\":[\"https:\\\/\\\/trta.org\\\/reminder-tim-lee-to-host-live-event-september-12\\\/\"]}]},{\"@type\":\"ImageObject\",\"inLanguage\":\"es\",\"@id\":\"https:\\\/\\\/trta.org\\\/reminder-tim-lee-to-host-live-event-september-12\\\/#primaryimage\",\"url\":\"https:\\\/\\\/trta.org\\\/wp-content\\\/uploads\\\/2018\\\/09\\\/Your_Vote_Counts_Badge-1.jpg\",\"contentUrl\":\"https:\\\/\\\/trta.org\\\/wp-content\\\/uploads\\\/2018\\\/09\\\/Your_Vote_Counts_Badge-1.jpg\",\"width\":739,\"height\":715},{\"@type\":\"BreadcrumbList\",\"@id\":\"https:\\\/\\\/trta.org\\\/reminder-tim-lee-to-host-live-event-september-12\\\/#breadcrumb\",\"itemListElement\":[{\"@type\":\"ListItem\",\"position\":1,\"name\":\"Home\",\"item\":\"https:\\\/\\\/trta.org\\\/\"},{\"@type\":\"ListItem\",\"position\":2,\"name\":\"Reminder: Tim Lee to Host Live Event September 12\"}]},{\"@type\":\"WebSite\",\"@id\":\"https:\\\/\\\/trta.org\\\/#website\",\"url\":\"https:\\\/\\\/trta.org\\\/\",\"name\":\"Texas Retired Teachers Association\",\"description\":\"\",\"publisher\":{\"@id\":\"https:\\\/\\\/trta.org\\\/#organization\"},\"potentialAction\":[{\"@type\":\"SearchAction\",\"target\":{\"@type\":\"EntryPoint\",\"urlTemplate\":\"https:\\\/\\\/trta.org\\\/?s={search_term_string}\"},\"query-input\":{\"@type\":\"PropertyValueSpecification\",\"valueRequired\":true,\"valueName\":\"search_term_string\"}}],\"inLanguage\":\"es\"},{\"@type\":\"Organization\",\"@id\":\"https:\\\/\\\/trta.org\\\/#organization\",\"name\":\"Texas Retired Teachers Association\",\"url\":\"https:\\\/\\\/trta.org\\\/\",\"logo\":{\"@type\":\"ImageObject\",\"inLanguage\":\"es\",\"@id\":\"https:\\\/\\\/trta.org\\\/#\\\/schema\\\/logo\\\/image\\\/\",\"url\":\"https:\\\/\\\/trta.org\\\/wp-content\\\/uploads\\\/2022\\\/12\\\/logo.png\",\"contentUrl\":\"https:\\\/\\\/trta.org\\\/wp-content\\\/uploads\\\/2022\\\/12\\\/logo.png\",\"width\":593,\"height\":183,\"caption\":\"Texas Retired Teachers Association\"},\"image\":{\"@id\":\"https:\\\/\\\/trta.org\\\/#\\\/schema\\\/logo\\\/image\\\/\"}},{\"@type\":\"Person\",\"@id\":\"https:\\\/\\\/trta.org\\\/#\\\/schema\\\/person\\\/5acd6b633d5ad936ca6c484e9925a6e4\",\"name\":\"rvarney\",\"image\":{\"@type\":\"ImageObject\",\"inLanguage\":\"es\",\"@id\":\"https:\\\/\\\/secure.gravatar.com\\\/avatar\\\/389463371978c05ec14fcfb597b19e685d96acfd7966b2a5d78bf3eee6a16451?s=96&d=mm&r=g\",\"url\":\"https:\\\/\\\/secure.gravatar.com\\\/avatar\\\/389463371978c05ec14fcfb597b19e685d96acfd7966b2a5d78bf3eee6a16451?s=96&d=mm&r=g\",\"contentUrl\":\"https:\\\/\\\/secure.gravatar.com\\\/avatar\\\/389463371978c05ec14fcfb597b19e685d96acfd7966b2a5d78bf3eee6a16451?s=96&d=mm&r=g\",\"caption\":\"rvarney\"},\"url\":\"https:\\\/\\\/trta.org\\\/es\\\/author\\\/rvarney\\\/\"}]}<\/script>\n<!-- \/ Yoast SEO plugin. -->","yoast_head_json":{"title":"Reminder: Tim Lee to Host Live Event September 12 - Texas Retired Teachers Association","robots":{"index":"index","follow":"follow","max-snippet":"max-snippet:-1","max-image-preview":"max-image-preview:large","max-video-preview":"max-video-preview:-1"},"canonical":"https:\/\/trta.org\/es\/reminder-tim-lee-to-host-live-event-september-12\/","og_locale":"es_ES","og_type":"article","og_title":"Reminder: Tim Lee to Host Live Event September 12 - Texas Retired Teachers Association","og_description":"Tim Lee, the Texas Retired Teachers Association\u2019s (TRTA) Executive Director, will continue a series of Facebook and YouTube live events on September 12 at 4 p.m. CDT. The series focuses on passing the constitutional amendment related to a cost-of-living adjustment (COLA) for eligible Teacher Retirement System of Texas (TRS) annuitants in the November General Election.\u00a0You [&hellip;]","og_url":"https:\/\/trta.org\/es\/reminder-tim-lee-to-host-live-event-september-12\/","og_site_name":"Texas Retired Teachers Association","article_published_time":"2023-09-11T14:52:36+00:00","og_image":[{"width":739,"height":715,"url":"https:\/\/trta.org\/wp-content\/uploads\/2018\/09\/Your_Vote_Counts_Badge-1.jpg","type":"image\/jpeg"}],"author":"rvarney","twitter_card":"summary_large_image","twitter_misc":{"Escrito por":"rvarney","Tiempo de lectura":"1 minuto"},"schema":{"@context":"https:\/\/schema.org","@graph":[{"@type":"Article","@id":"https:\/\/trta.org\/reminder-tim-lee-to-host-live-event-september-12\/#article","isPartOf":{"@id":"https:\/\/trta.org\/reminder-tim-lee-to-host-live-event-september-12\/"},"author":{"name":"rvarney","@id":"https:\/\/trta.org\/#\/schema\/person\/5acd6b633d5ad936ca6c484e9925a6e4"},"headline":"Reminder: Tim Lee to Host Live Event September 12","datePublished":"2023-09-11T14:52:36+00:00","mainEntityOfPage":{"@id":"https:\/\/trta.org\/reminder-tim-lee-to-host-live-event-september-12\/"},"wordCount":182,"publisher":{"@id":"https:\/\/trta.org\/#organization"},"image":{"@id":"https:\/\/trta.org\/reminder-tim-lee-to-host-live-event-september-12\/#primaryimage"},"thumbnailUrl":"https:\/\/trta.org\/wp-content\/uploads\/2018\/09\/Your_Vote_Counts_Badge-1.jpg","articleSection":["Uncategorized"],"inLanguage":"es"},{"@type":"WebPage","@id":"https:\/\/trta.org\/reminder-tim-lee-to-host-live-event-september-12\/","url":"https:\/\/trta.org\/reminder-tim-lee-to-host-live-event-september-12\/","name":"Reminder: Tim Lee to Host Live Event September 12 - Texas Retired Teachers Association","isPartOf":{"@id":"https:\/\/trta.org\/#website"},"primaryImageOfPage":{"@id":"https:\/\/trta.org\/reminder-tim-lee-to-host-live-event-september-12\/#primaryimage"},"image":{"@id":"https:\/\/trta.org\/reminder-tim-lee-to-host-live-event-september-12\/#primaryimage"},"thumbnailUrl":"https:\/\/trta.org\/wp-content\/uploads\/2018\/09\/Your_Vote_Counts_Badge-1.jpg","datePublished":"2023-09-11T14:52:36+00:00","breadcrumb":{"@id":"https:\/\/trta.org\/reminder-tim-lee-to-host-live-event-september-12\/#breadcrumb"},"inLanguage":"es","potentialAction":[{"@type":"ReadAction","target":["https:\/\/trta.org\/reminder-tim-lee-to-host-live-event-september-12\/"]}]},{"@type":"ImageObject","inLanguage":"es","@id":"https:\/\/trta.org\/reminder-tim-lee-to-host-live-event-september-12\/#primaryimage","url":"https:\/\/trta.org\/wp-content\/uploads\/2018\/09\/Your_Vote_Counts_Badge-1.jpg","contentUrl":"https:\/\/trta.org\/wp-content\/uploads\/2018\/09\/Your_Vote_Counts_Badge-1.jpg","width":739,"height":715},{"@type":"BreadcrumbList","@id":"https:\/\/trta.org\/reminder-tim-lee-to-host-live-event-september-12\/#breadcrumb","itemListElement":[{"@type":"ListItem","position":1,"name":"Home","item":"https:\/\/trta.org\/"},{"@type":"ListItem","position":2,"name":"Reminder: Tim Lee to Host Live Event September 12"}]},{"@type":"WebSite","@id":"https:\/\/trta.org\/#website","url":"https:\/\/trta.org\/","name":"Asociaci\u00f3n de Maestros Jubilados de Texas","description":"","publisher":{"@id":"https:\/\/trta.org\/#organization"},"potentialAction":[{"@type":"SearchAction","target":{"@type":"EntryPoint","urlTemplate":"https:\/\/trta.org\/?s={search_term_string}"},"query-input":{"@type":"PropertyValueSpecification","valueRequired":true,"valueName":"search_term_string"}}],"inLanguage":"es"},{"@type":"Organization","@id":"https:\/\/trta.org\/#organization","name":"Asociaci\u00f3n de Maestros Jubilados de Texas","url":"https:\/\/trta.org\/","logo":{"@type":"ImageObject","inLanguage":"es","@id":"https:\/\/trta.org\/#\/schema\/logo\/image\/","url":"https:\/\/trta.org\/wp-content\/uploads\/2022\/12\/logo.png","contentUrl":"https:\/\/trta.org\/wp-content\/uploads\/2022\/12\/logo.png","width":593,"height":183,"caption":"Texas Retired Teachers Association"},"image":{"@id":"https:\/\/trta.org\/#\/schema\/logo\/image\/"}},{"@type":"Person","@id":"https:\/\/trta.org\/#\/schema\/person\/5acd6b633d5ad936ca6c484e9925a6e4","name":"rvarney","image":{"@type":"ImageObject","inLanguage":"es","@id":"https:\/\/secure.gravatar.com\/avatar\/389463371978c05ec14fcfb597b19e685d96acfd7966b2a5d78bf3eee6a16451?s=96&d=mm&r=g","url":"https:\/\/secure.gravatar.com\/avatar\/389463371978c05ec14fcfb597b19e685d96acfd7966b2a5d78bf3eee6a16451?s=96&d=mm&r=g","contentUrl":"https:\/\/secure.gravatar.com\/avatar\/389463371978c05ec14fcfb597b19e685d96acfd7966b2a5d78bf3eee6a16451?s=96&d=mm&r=g","caption":"rvarney"},"url":"https:\/\/trta.org\/es\/author\/rvarney\/"}]}},"_links":{"self":[{"href":"https:\/\/trta.org\/es\/wp-json\/wp\/v2\/posts\/65799","targetHints":{"allow":["GET"]}}],"collection":[{"href":"https:\/\/trta.org\/es\/wp-json\/wp\/v2\/posts"}],"about":[{"href":"https:\/\/trta.org\/es\/wp-json\/wp\/v2\/types\/post"}],"author":[{"embeddable":true,"href":"https:\/\/trta.org\/es\/wp-json\/wp\/v2\/users\/3"}],"replies":[{"embeddable":true,"href":"https:\/\/trta.org\/es\/wp-json\/wp\/v2\/comments?post=65799"}],"version-history":[{"count":0,"href":"https:\/\/trta.org\/es\/wp-json\/wp\/v2\/posts\/65799\/revisions"}],"wp:featuredmedia":[{"embeddable":true,"href":"https:\/\/trta.org\/es\/wp-json\/wp\/v2\/media\/24116"}],"wp:attachment":[{"href":"https:\/\/trta.org\/es\/wp-json\/wp\/v2\/media?parent=65799"}],"wp:term":[{"taxonomy":"category","embeddable":true,"href":"https:\/\/trta.org\/es\/wp-json\/wp\/v2\/categories?post=65799"},{"taxonomy":"post_tag","embeddable":true,"href":"https:\/\/trta.org\/es\/wp-json\/wp\/v2\/tags?post=65799"}],"curies":[{"name":"wp","href":"https:\/\/api.w.org\/{rel}","templated":true}]}}