{"id":69874,"date":"2025-02-12T15:27:24","date_gmt":"2025-02-12T21:27:24","guid":{"rendered":"https:\/\/trta.org\/?p=69874"},"modified":"2025-02-12T15:27:24","modified_gmt":"2025-02-12T21:27:24","slug":"trta-day-at-the-capitol-2025-is-only-42-days-away","status":"publish","type":"post","link":"https:\/\/trta.org\/es\/trta-day-at-the-capitol-2025-is-only-42-days-away\/","title":{"rendered":"\u00a1El D\u00eda TRTA en el Capitolio 2025 est\u00e1 a solo 42 d\u00edas de distancia!"},"content":{"rendered":"<p>The countdown is on for the Texas Retired Teachers Association\u2019s (TRTA) most anticipated event of the year, TRTA Day at the Capitol! Here\u2019s everything you need to know to ensure you don\u2019t miss out! Join us on March 26!<\/p>\n<h4 class=\"null\"><strong>Register Now \u2013 It\u2019s Almost Here!<\/strong><\/h4>\n<p>This is your chance to be part of something unforgettable! If you haven\u2019t already, be sure to <a href=\"https:\/\/portal.trta.org\/iCore\/Events\/Event_display.aspx?EventKey=DAC2025&amp;WebsiteKey=01662631-2aec-480b-b22d-94e09dd34dc9\" data-cke-saved-href=\"https:\/\/portal.trta.org\/iCore\/Events\/Event_display.aspx?EventKey=DAC2025&amp;WebsiteKey=01662631-2aec-480b-b22d-94e09dd34dc9\">register here today<\/a>.<\/p>\n<p>For the first time, boxed lunches will be available, in addition to our popular ice cream social, featuring Amy\u2019s Ice Cream<strong>,\u00a0<\/strong>completely complimentary! Your free registration helps us collect an accurate headcount.<\/p>\n<h4 class=\"null\"><strong>Event Parking \u2013 Choose What Works for You!<\/strong><\/h4>\n<p><strong>1. Arriving by Charter Bus?<\/strong><\/p>\n<ul>\n<li>Charter Bus Drop-Off &amp; Parking Guide: <a href=\"https:\/\/tspb.texas.gov\/plan\/maps\/doc\/capitol_tour_bus_guide.pdf\" data-cke-saved-href=\"https:\/\/tspb.texas.gov\/plan\/maps\/doc\/capitol_tour_bus_guide.pdf\">Please refer to the guide linked here<\/a>.<\/li>\n<li>Please let TRTA know how many buses you\u2019ll be bringing by sending an email to Ashley Jaramillo at <a href=\"mailto:ashley@trta.org\" data-cke-saved-href=\"mailto:ashley@trta.org\">ashley@trta.org<\/a>.<\/li>\n<\/ul>\n<p><strong>2. Arriving in a Personal Vehicle?<\/strong><\/p>\n<ul>\n<li><strong>Paid Parking<\/strong>:\n<ul>\n<li>Available at the <a href=\"https:\/\/tspb.texas.gov\/plan\/parking\/parking.html\" data-cke-saved-href=\"https:\/\/tspb.texas.gov\/plan\/parking\/parking.html\">Capitol Visitors Parking Garage<\/a> (<a href=\"https:\/\/g.page\/CapitolVPG?share\" data-cke-saved-href=\"https:\/\/g.page\/CapitolVPG?share\">1201 San Jacinto Blvd<\/a>) \u2013 just one block from the East Lawn!<\/li>\n<li>Free for the first two hours, $1 per additional half hour, with a maximum daily charge of $12. <a href=\"https:\/\/tspb.texas.gov\/plan\/parking\/doc\/vpg_rate_chart.pdf\" data-cke-saved-href=\"https:\/\/tspb.texas.gov\/plan\/parking\/doc\/vpg_rate_chart.pdf\">View the parking rates chart here<\/a>.<\/li>\n<\/ul>\n<\/li>\n<li><strong>Complimentary Parking &amp; Shuttle Service (Limited Availability)<\/strong>:\n<ul>\n<li>TRTA has reserved a limited number of free parking spots with shuttle service to the event on a first-come, first-served basis.<\/li>\n<li>To secure your spot, you must send an email to Ashley Jaramillo at <a href=\"mailto:ashley@trta.org\" data-cke-saved-href=\"mailto:ashley@trta.org\">ashley@trta.org<\/a>.<\/li>\n<li>A parking pass will be sent to you and must be printed and displayed on your windshield.<\/li>\n<\/ul>\n<\/li>\n<\/ul>\n<h4 class=\"null\"><strong>Need More Info?<\/strong><\/h4>\n<p>For additional event details and resources, <a href=\"https:\/\/trta.org\/es\/dac2025\/\" data-cke-saved-href=\"http:\/\/www.trta.org\/dac2025\">please visit our event webpage<\/a>.<\/p>\n<h4 class=\"null\"><strong>Gracias<\/strong><\/h4>\n<p>Gracias por su membres\u00eda en TRTA. Estamos luchando ardientemente por sus beneficios todos los d\u00edas en el Capitolio. Si a\u00fan no es miembro de TRTA, <a href=\"https:\/\/trta.org\/es\/join-and-renew\/\" target=\"_blank\" rel=\"noopener\" data-cke-saved-href=\"https:\/\/trta.org\/join-and-renew\/\">por favor \u00fanete aqu\u00ed<\/a>.<\/p>\n<p>Aseg\u00farate de\u00a0<a href=\"https:\/\/www.facebook.com\/TexasRetiredTeachers\/\" data-cke-saved-href=\"https:\/\/www.facebook.com\/TexasRetiredTeachers\/\">Danos like en facebook<\/a>, <a href=\"https:\/\/www.instagram.com\/txretiredteachers\/\" data-cke-saved-href=\"https:\/\/www.instagram.com\/txretiredteachers\/\">follow us on Instagram<\/a>,\u00a0<a href=\"https:\/\/twitter.com\/TRTA\" data-cke-saved-href=\"https:\/\/twitter.com\/TRTA\">S\u00edganos en Twitter<\/a>\u00a0y\u00a0<a href=\"https:\/\/www.youtube.com\/user\/TheTRTATV\" data-cke-saved-href=\"https:\/\/www.youtube.com\/user\/TheTRTATV\">suscr\u00edbete a nuestro canal de youtube<\/a>.<\/p>","protected":false},"excerpt":{"rendered":"<p>The countdown is on for the Texas Retired Teachers Association\u2019s (TRTA) most anticipated event of the year, TRTA Day at the Capitol! Here\u2019s everything you need to know to ensure you don\u2019t miss out! Join us on March 26! Register Now \u2013 It\u2019s Almost Here! This is your chance to be part of something unforgettable! [&hellip;]<\/p>\n","protected":false},"author":3,"featured_media":69689,"comment_status":"closed","ping_status":"closed","sticky":false,"template":"","format":"standard","meta":{"_acf_changed":false,"footnotes":""},"categories":[49],"tags":[],"class_list":["post-69874","post","type-post","status-publish","format-standard","has-post-thumbnail","hentry","category-featured"],"acf":[],"yoast_head":"<!-- This site is optimized with the Yoast SEO plugin v27.5 - https:\/\/yoast.com\/product\/yoast-seo-wordpress\/ -->\n<title>TRTA Day at the Capitol 2025 Is Only 42\u00a0Days Away! - Texas Retired Teachers Association<\/title>\n<meta name=\"robots\" content=\"index, follow, max-snippet:-1, max-image-preview:large, max-video-preview:-1\" \/>\n<link rel=\"canonical\" href=\"https:\/\/trta.org\/es\/trta-day-at-the-capitol-2025-is-only-42-days-away\/\" \/>\n<meta property=\"og:locale\" content=\"es_ES\" \/>\n<meta property=\"og:type\" content=\"article\" \/>\n<meta property=\"og:title\" content=\"TRTA Day at the Capitol 2025 Is Only 42\u00a0Days Away! - Texas Retired Teachers Association\" \/>\n<meta property=\"og:description\" content=\"The countdown is on for the Texas Retired Teachers Association\u2019s (TRTA) most anticipated event of the year, TRTA Day at the Capitol! Here\u2019s everything you need to know to ensure you don\u2019t miss out! Join us on March 26! Register Now \u2013 It\u2019s Almost Here! This is your chance to be part of something unforgettable! [&hellip;]\" \/>\n<meta property=\"og:url\" content=\"https:\/\/trta.org\/es\/trta-day-at-the-capitol-2025-is-only-42-days-away\/\" \/>\n<meta property=\"og:site_name\" content=\"Texas Retired Teachers Association\" \/>\n<meta property=\"article:published_time\" content=\"2025-02-12T21:27:24+00:00\" \/>\n<meta property=\"og:image\" content=\"https:\/\/trta.org\/wp-content\/uploads\/2025\/01\/Day-at-the-Capitol-Postcard-Design-01.08.20251.jpg\" \/>\n\t<meta property=\"og:image:width\" content=\"1200\" \/>\n\t<meta property=\"og:image:height\" content=\"790\" \/>\n\t<meta property=\"og:image:type\" content=\"image\/jpeg\" \/>\n<meta name=\"author\" content=\"rvarney\" \/>\n<meta name=\"twitter:card\" content=\"summary_large_image\" \/>\n<meta name=\"twitter:label1\" content=\"Escrito por\" \/>\n\t<meta name=\"twitter:data1\" content=\"rvarney\" \/>\n\t<meta name=\"twitter:label2\" content=\"Tiempo de lectura\" \/>\n\t<meta name=\"twitter:data2\" content=\"2 minutos\" \/>\n<script type=\"application\/ld+json\" class=\"yoast-schema-graph\">{\"@context\":\"https:\\\/\\\/schema.org\",\"@graph\":[{\"@type\":\"Article\",\"@id\":\"https:\\\/\\\/trta.org\\\/trta-day-at-the-capitol-2025-is-only-42-days-away\\\/#article\",\"isPartOf\":{\"@id\":\"https:\\\/\\\/trta.org\\\/trta-day-at-the-capitol-2025-is-only-42-days-away\\\/\"},\"author\":{\"name\":\"rvarney\",\"@id\":\"https:\\\/\\\/trta.org\\\/#\\\/schema\\\/person\\\/5acd6b633d5ad936ca6c484e9925a6e4\"},\"headline\":\"TRTA Day at the Capitol 2025 Is Only 42\u00a0Days Away!\",\"datePublished\":\"2025-02-12T21:27:24+00:00\",\"mainEntityOfPage\":{\"@id\":\"https:\\\/\\\/trta.org\\\/trta-day-at-the-capitol-2025-is-only-42-days-away\\\/\"},\"wordCount\":330,\"publisher\":{\"@id\":\"https:\\\/\\\/trta.org\\\/#organization\"},\"image\":{\"@id\":\"https:\\\/\\\/trta.org\\\/trta-day-at-the-capitol-2025-is-only-42-days-away\\\/#primaryimage\"},\"thumbnailUrl\":\"https:\\\/\\\/trta.org\\\/wp-content\\\/uploads\\\/2025\\\/01\\\/Day-at-the-Capitol-Postcard-Design-01.08.20251.jpg\",\"articleSection\":[\"Featured\"],\"inLanguage\":\"es\"},{\"@type\":\"WebPage\",\"@id\":\"https:\\\/\\\/trta.org\\\/trta-day-at-the-capitol-2025-is-only-42-days-away\\\/\",\"url\":\"https:\\\/\\\/trta.org\\\/trta-day-at-the-capitol-2025-is-only-42-days-away\\\/\",\"name\":\"TRTA Day at the Capitol 2025 Is Only 42\u00a0Days Away! - Texas Retired Teachers Association\",\"isPartOf\":{\"@id\":\"https:\\\/\\\/trta.org\\\/#website\"},\"primaryImageOfPage\":{\"@id\":\"https:\\\/\\\/trta.org\\\/trta-day-at-the-capitol-2025-is-only-42-days-away\\\/#primaryimage\"},\"image\":{\"@id\":\"https:\\\/\\\/trta.org\\\/trta-day-at-the-capitol-2025-is-only-42-days-away\\\/#primaryimage\"},\"thumbnailUrl\":\"https:\\\/\\\/trta.org\\\/wp-content\\\/uploads\\\/2025\\\/01\\\/Day-at-the-Capitol-Postcard-Design-01.08.20251.jpg\",\"datePublished\":\"2025-02-12T21:27:24+00:00\",\"breadcrumb\":{\"@id\":\"https:\\\/\\\/trta.org\\\/trta-day-at-the-capitol-2025-is-only-42-days-away\\\/#breadcrumb\"},\"inLanguage\":\"es\",\"potentialAction\":[{\"@type\":\"ReadAction\",\"target\":[\"https:\\\/\\\/trta.org\\\/trta-day-at-the-capitol-2025-is-only-42-days-away\\\/\"]}]},{\"@type\":\"ImageObject\",\"inLanguage\":\"es\",\"@id\":\"https:\\\/\\\/trta.org\\\/trta-day-at-the-capitol-2025-is-only-42-days-away\\\/#primaryimage\",\"url\":\"https:\\\/\\\/trta.org\\\/wp-content\\\/uploads\\\/2025\\\/01\\\/Day-at-the-Capitol-Postcard-Design-01.08.20251.jpg\",\"contentUrl\":\"https:\\\/\\\/trta.org\\\/wp-content\\\/uploads\\\/2025\\\/01\\\/Day-at-the-Capitol-Postcard-Design-01.08.20251.jpg\",\"width\":1200,\"height\":790},{\"@type\":\"BreadcrumbList\",\"@id\":\"https:\\\/\\\/trta.org\\\/trta-day-at-the-capitol-2025-is-only-42-days-away\\\/#breadcrumb\",\"itemListElement\":[{\"@type\":\"ListItem\",\"position\":1,\"name\":\"Home\",\"item\":\"https:\\\/\\\/trta.org\\\/\"},{\"@type\":\"ListItem\",\"position\":2,\"name\":\"TRTA Day at the Capitol 2025 Is Only 42\u00a0Days Away!\"}]},{\"@type\":\"WebSite\",\"@id\":\"https:\\\/\\\/trta.org\\\/#website\",\"url\":\"https:\\\/\\\/trta.org\\\/\",\"name\":\"Texas Retired Teachers Association\",\"description\":\"\",\"publisher\":{\"@id\":\"https:\\\/\\\/trta.org\\\/#organization\"},\"potentialAction\":[{\"@type\":\"SearchAction\",\"target\":{\"@type\":\"EntryPoint\",\"urlTemplate\":\"https:\\\/\\\/trta.org\\\/?s={search_term_string}\"},\"query-input\":{\"@type\":\"PropertyValueSpecification\",\"valueRequired\":true,\"valueName\":\"search_term_string\"}}],\"inLanguage\":\"es\"},{\"@type\":\"Organization\",\"@id\":\"https:\\\/\\\/trta.org\\\/#organization\",\"name\":\"Texas Retired Teachers Association\",\"url\":\"https:\\\/\\\/trta.org\\\/\",\"logo\":{\"@type\":\"ImageObject\",\"inLanguage\":\"es\",\"@id\":\"https:\\\/\\\/trta.org\\\/#\\\/schema\\\/logo\\\/image\\\/\",\"url\":\"https:\\\/\\\/trta.org\\\/wp-content\\\/uploads\\\/2022\\\/12\\\/logo.png\",\"contentUrl\":\"https:\\\/\\\/trta.org\\\/wp-content\\\/uploads\\\/2022\\\/12\\\/logo.png\",\"width\":593,\"height\":183,\"caption\":\"Texas Retired Teachers Association\"},\"image\":{\"@id\":\"https:\\\/\\\/trta.org\\\/#\\\/schema\\\/logo\\\/image\\\/\"}},{\"@type\":\"Person\",\"@id\":\"https:\\\/\\\/trta.org\\\/#\\\/schema\\\/person\\\/5acd6b633d5ad936ca6c484e9925a6e4\",\"name\":\"rvarney\",\"image\":{\"@type\":\"ImageObject\",\"inLanguage\":\"es\",\"@id\":\"https:\\\/\\\/secure.gravatar.com\\\/avatar\\\/389463371978c05ec14fcfb597b19e685d96acfd7966b2a5d78bf3eee6a16451?s=96&d=mm&r=g\",\"url\":\"https:\\\/\\\/secure.gravatar.com\\\/avatar\\\/389463371978c05ec14fcfb597b19e685d96acfd7966b2a5d78bf3eee6a16451?s=96&d=mm&r=g\",\"contentUrl\":\"https:\\\/\\\/secure.gravatar.com\\\/avatar\\\/389463371978c05ec14fcfb597b19e685d96acfd7966b2a5d78bf3eee6a16451?s=96&d=mm&r=g\",\"caption\":\"rvarney\"},\"url\":\"https:\\\/\\\/trta.org\\\/es\\\/author\\\/rvarney\\\/\"}]}<\/script>\n<!-- \/ Yoast SEO plugin. -->","yoast_head_json":{"title":"TRTA Day at the Capitol 2025 Is Only 42\u00a0Days Away! - Texas Retired Teachers Association","robots":{"index":"index","follow":"follow","max-snippet":"max-snippet:-1","max-image-preview":"max-image-preview:large","max-video-preview":"max-video-preview:-1"},"canonical":"https:\/\/trta.org\/es\/trta-day-at-the-capitol-2025-is-only-42-days-away\/","og_locale":"es_ES","og_type":"article","og_title":"TRTA Day at the Capitol 2025 Is Only 42\u00a0Days Away! - Texas Retired Teachers Association","og_description":"The countdown is on for the Texas Retired Teachers Association\u2019s (TRTA) most anticipated event of the year, TRTA Day at the Capitol! Here\u2019s everything you need to know to ensure you don\u2019t miss out! Join us on March 26! Register Now \u2013 It\u2019s Almost Here! This is your chance to be part of something unforgettable! [&hellip;]","og_url":"https:\/\/trta.org\/es\/trta-day-at-the-capitol-2025-is-only-42-days-away\/","og_site_name":"Texas Retired Teachers Association","article_published_time":"2025-02-12T21:27:24+00:00","og_image":[{"width":1200,"height":790,"url":"https:\/\/trta.org\/wp-content\/uploads\/2025\/01\/Day-at-the-Capitol-Postcard-Design-01.08.20251.jpg","type":"image\/jpeg"}],"author":"rvarney","twitter_card":"summary_large_image","twitter_misc":{"Escrito por":"rvarney","Tiempo de lectura":"2 minutos"},"schema":{"@context":"https:\/\/schema.org","@graph":[{"@type":"Article","@id":"https:\/\/trta.org\/trta-day-at-the-capitol-2025-is-only-42-days-away\/#article","isPartOf":{"@id":"https:\/\/trta.org\/trta-day-at-the-capitol-2025-is-only-42-days-away\/"},"author":{"name":"rvarney","@id":"https:\/\/trta.org\/#\/schema\/person\/5acd6b633d5ad936ca6c484e9925a6e4"},"headline":"TRTA Day at the Capitol 2025 Is Only 42\u00a0Days Away!","datePublished":"2025-02-12T21:27:24+00:00","mainEntityOfPage":{"@id":"https:\/\/trta.org\/trta-day-at-the-capitol-2025-is-only-42-days-away\/"},"wordCount":330,"publisher":{"@id":"https:\/\/trta.org\/#organization"},"image":{"@id":"https:\/\/trta.org\/trta-day-at-the-capitol-2025-is-only-42-days-away\/#primaryimage"},"thumbnailUrl":"https:\/\/trta.org\/wp-content\/uploads\/2025\/01\/Day-at-the-Capitol-Postcard-Design-01.08.20251.jpg","articleSection":["Featured"],"inLanguage":"es"},{"@type":"WebPage","@id":"https:\/\/trta.org\/trta-day-at-the-capitol-2025-is-only-42-days-away\/","url":"https:\/\/trta.org\/trta-day-at-the-capitol-2025-is-only-42-days-away\/","name":"TRTA Day at the Capitol 2025 Is Only 42\u00a0Days Away! - Texas Retired Teachers Association","isPartOf":{"@id":"https:\/\/trta.org\/#website"},"primaryImageOfPage":{"@id":"https:\/\/trta.org\/trta-day-at-the-capitol-2025-is-only-42-days-away\/#primaryimage"},"image":{"@id":"https:\/\/trta.org\/trta-day-at-the-capitol-2025-is-only-42-days-away\/#primaryimage"},"thumbnailUrl":"https:\/\/trta.org\/wp-content\/uploads\/2025\/01\/Day-at-the-Capitol-Postcard-Design-01.08.20251.jpg","datePublished":"2025-02-12T21:27:24+00:00","breadcrumb":{"@id":"https:\/\/trta.org\/trta-day-at-the-capitol-2025-is-only-42-days-away\/#breadcrumb"},"inLanguage":"es","potentialAction":[{"@type":"ReadAction","target":["https:\/\/trta.org\/trta-day-at-the-capitol-2025-is-only-42-days-away\/"]}]},{"@type":"ImageObject","inLanguage":"es","@id":"https:\/\/trta.org\/trta-day-at-the-capitol-2025-is-only-42-days-away\/#primaryimage","url":"https:\/\/trta.org\/wp-content\/uploads\/2025\/01\/Day-at-the-Capitol-Postcard-Design-01.08.20251.jpg","contentUrl":"https:\/\/trta.org\/wp-content\/uploads\/2025\/01\/Day-at-the-Capitol-Postcard-Design-01.08.20251.jpg","width":1200,"height":790},{"@type":"BreadcrumbList","@id":"https:\/\/trta.org\/trta-day-at-the-capitol-2025-is-only-42-days-away\/#breadcrumb","itemListElement":[{"@type":"ListItem","position":1,"name":"Home","item":"https:\/\/trta.org\/"},{"@type":"ListItem","position":2,"name":"TRTA Day at the Capitol 2025 Is Only 42\u00a0Days Away!"}]},{"@type":"WebSite","@id":"https:\/\/trta.org\/#website","url":"https:\/\/trta.org\/","name":"Asociaci\u00f3n de Maestros Jubilados de Texas","description":"","publisher":{"@id":"https:\/\/trta.org\/#organization"},"potentialAction":[{"@type":"SearchAction","target":{"@type":"EntryPoint","urlTemplate":"https:\/\/trta.org\/?s={search_term_string}"},"query-input":{"@type":"PropertyValueSpecification","valueRequired":true,"valueName":"search_term_string"}}],"inLanguage":"es"},{"@type":"Organization","@id":"https:\/\/trta.org\/#organization","name":"Asociaci\u00f3n de Maestros Jubilados de Texas","url":"https:\/\/trta.org\/","logo":{"@type":"ImageObject","inLanguage":"es","@id":"https:\/\/trta.org\/#\/schema\/logo\/image\/","url":"https:\/\/trta.org\/wp-content\/uploads\/2022\/12\/logo.png","contentUrl":"https:\/\/trta.org\/wp-content\/uploads\/2022\/12\/logo.png","width":593,"height":183,"caption":"Texas Retired Teachers Association"},"image":{"@id":"https:\/\/trta.org\/#\/schema\/logo\/image\/"}},{"@type":"Person","@id":"https:\/\/trta.org\/#\/schema\/person\/5acd6b633d5ad936ca6c484e9925a6e4","name":"rvarney","image":{"@type":"ImageObject","inLanguage":"es","@id":"https:\/\/secure.gravatar.com\/avatar\/389463371978c05ec14fcfb597b19e685d96acfd7966b2a5d78bf3eee6a16451?s=96&d=mm&r=g","url":"https:\/\/secure.gravatar.com\/avatar\/389463371978c05ec14fcfb597b19e685d96acfd7966b2a5d78bf3eee6a16451?s=96&d=mm&r=g","contentUrl":"https:\/\/secure.gravatar.com\/avatar\/389463371978c05ec14fcfb597b19e685d96acfd7966b2a5d78bf3eee6a16451?s=96&d=mm&r=g","caption":"rvarney"},"url":"https:\/\/trta.org\/es\/author\/rvarney\/"}]}},"_links":{"self":[{"href":"https:\/\/trta.org\/es\/wp-json\/wp\/v2\/posts\/69874","targetHints":{"allow":["GET"]}}],"collection":[{"href":"https:\/\/trta.org\/es\/wp-json\/wp\/v2\/posts"}],"about":[{"href":"https:\/\/trta.org\/es\/wp-json\/wp\/v2\/types\/post"}],"author":[{"embeddable":true,"href":"https:\/\/trta.org\/es\/wp-json\/wp\/v2\/users\/3"}],"replies":[{"embeddable":true,"href":"https:\/\/trta.org\/es\/wp-json\/wp\/v2\/comments?post=69874"}],"version-history":[{"count":0,"href":"https:\/\/trta.org\/es\/wp-json\/wp\/v2\/posts\/69874\/revisions"}],"wp:featuredmedia":[{"embeddable":true,"href":"https:\/\/trta.org\/es\/wp-json\/wp\/v2\/media\/69689"}],"wp:attachment":[{"href":"https:\/\/trta.org\/es\/wp-json\/wp\/v2\/media?parent=69874"}],"wp:term":[{"taxonomy":"category","embeddable":true,"href":"https:\/\/trta.org\/es\/wp-json\/wp\/v2\/categories?post=69874"},{"taxonomy":"post_tag","embeddable":true,"href":"https:\/\/trta.org\/es\/wp-json\/wp\/v2\/tags?post=69874"}],"curies":[{"name":"wp","href":"https:\/\/api.w.org\/{rel}","templated":true}]}}